{"id":141884,"date":"2019-06-16T06:00:24","date_gmt":"2019-06-16T09:00:24","guid":{"rendered":"https:\/\/diarioregionaldigital.com.br\/?p=141884"},"modified":"2019-06-12T15:42:17","modified_gmt":"2019-06-12T18:42:17","slug":"marketing-pessoal","status":"publish","type":"post","link":"https:\/\/diarioregionaldigital.com.br\/?p=141884","title":{"rendered":"Marketing Pessoal"},"content":{"rendered":"<p>O conhecimento t\u00e9cnico \u00e9 condi\u00e7\u00e3o fundamental, mas n\u00e3o \u00e9 o bastante para saber viver profissionalmente.<\/p>\n<p>Sem saber nadar, voc\u00ea n\u00e3o deve entrar em \u00e1guas profundas. Mas nadar bem n\u00e3o \u00e9 suficiente para ganhar um tri\u00e1tlon: o ciclismo e a corrida s\u00e3o t\u00e3o importantes quanto a nata\u00e7\u00e3o.<\/p>\n<p>Trocando em mi\u00fados, para a sua carreira decolar voc\u00ea precisa aparecer. E, a menos que voc\u00ea se destaque por uma genialidade incomum no mercado, voc\u00ea s\u00f3 ir\u00e1 aparecer \u2014 e a sua carreira decolar \u2014 se estiver atento aos detalhes que comp\u00f5em o seu marketing pessoal.<\/p>\n<p>No \u00e2mbito profissional, voc\u00ea \u00e9 o seu peixe. Venda-o bem!<\/p>\n<h3>Planeje de verdade a sua estrat\u00e9gia<\/h3>\n<p>Marketing requer planejamento. E se voc\u00ea respeita o cliente \u2014 nesse caso, voc\u00ea mesmo \u2014 o seu planejamento deve merecer cuidados superiores a qualquer outro que venha a fazer. Afinal, voc\u00ea \u00e9 o come\u00e7o, o meio e o fim do projeto.<\/p>\n<p>O que isso quer dizer? \u2014 Quer dizer que voc\u00ea n\u00e3o pode se dar o luxo de planejar apenas mentalmente a sua estrat\u00e9gia. Isso, que eu chamaria de marketing intuitivo ou espont\u00e2neo, pode dar certo apenas eventualmente. Se voc\u00ea quer que o seu plano d\u00ea certo, planeje de verdade! Sem um planejamento formal, voc\u00ea pode ficar desnorteado, sem saber que dire\u00e7\u00e3o tomar, pois nem sempre o que voc\u00ea pensava ter guardado na cabe\u00e7a estar\u00e1 l\u00e1, ao seu dispor.<\/p>\n<h3>Divida o seu tempo entre voc\u00ea e os outros<\/h3>\n<p>Voc\u00ea \u00e9 tudo no marketing pessoal; portanto, cuide de cada detalhe, criteriosamente. Por\u00e9m, n\u00e3o pense s\u00f3 em voc\u00ea. Voc\u00ea n\u00e3o \u00e9 o \u00fanico. Contraditoriamente, voc\u00ea \u00e9 apenas o seu cliente mais importante, mais querido e com um enorme potencial. Mas como voc\u00ea n\u00e3o \u00e9 o \u00fanico, o seu tempo precisa ser suficiente para promover-se e para dedicar-se aos seus outros clientes, de forma que o seu marketing pessoal deve ser muito sucinto, pr\u00e1tico, objetivo e f\u00e1cil de implementar.<\/p>\n<p>&nbsp;<\/p>\n","protected":false},"excerpt":{"rendered":"<p>O conhecimento t\u00e9cnico \u00e9 condi\u00e7\u00e3o fundamental, mas n\u00e3o \u00e9 o bastante para saber viver profissionalmente. Sem saber nadar, voc\u00ea n\u00e3o deve entrar em \u00e1guas profundas. Mas nadar bem n\u00e3o \u00e9 suficiente para ganhar um tri\u00e1tlon: o ciclismo e a corrida s\u00e3o t\u00e3o importantes quanto a nata\u00e7\u00e3o. Trocando em mi\u00fados, para a sua carreira decolar voc\u00ea [&hellip;]<\/p>\n","protected":false},"author":96,"featured_media":96755,"comment_status":"closed","ping_status":"closed","sticky":false,"template":"","format":"standard","meta":{"footnotes":""},"categories":[435,274,439],"tags":[],"class_list":["post-141884","post","type-post","status-publish","format-standard","has-post-thumbnail","hentry","category-colunas","category-dr-lair-ribeiro","category-ultima-hora"],"_links":{"self":[{"href":"https:\/\/diarioregionaldigital.com.br\/index.php?rest_route=\/wp\/v2\/posts\/141884","targetHints":{"allow":["GET"]}}],"collection":[{"href":"https:\/\/diarioregionaldigital.com.br\/index.php?rest_route=\/wp\/v2\/posts"}],"about":[{"href":"https:\/\/diarioregionaldigital.com.br\/index.php?rest_route=\/wp\/v2\/types\/post"}],"author":[{"embeddable":true,"href":"https:\/\/diarioregionaldigital.com.br\/index.php?rest_route=\/wp\/v2\/users\/96"}],"replies":[{"embeddable":true,"href":"https:\/\/diarioregionaldigital.com.br\/index.php?rest_route=%2Fwp%2Fv2%2Fcomments&post=141884"}],"version-history":[{"count":0,"href":"https:\/\/diarioregionaldigital.com.br\/index.php?rest_route=\/wp\/v2\/posts\/141884\/revisions"}],"wp:featuredmedia":[{"embeddable":true,"href":"https:\/\/diarioregionaldigital.com.br\/index.php?rest_route=\/wp\/v2\/media\/96755"}],"wp:attachment":[{"href":"https:\/\/diarioregionaldigital.com.br\/index.php?rest_route=%2Fwp%2Fv2%2Fmedia&parent=141884"}],"wp:term":[{"taxonomy":"category","embeddable":true,"href":"https:\/\/diarioregionaldigital.com.br\/index.php?rest_route=%2Fwp%2Fv2%2Fcategories&post=141884"},{"taxonomy":"post_tag","embeddable":true,"href":"https:\/\/diarioregionaldigital.com.br\/index.php?rest_route=%2Fwp%2Fv2%2Ftags&post=141884"}],"curies":[{"name":"wp","href":"https:\/\/api.w.org\/{rel}","templated":true}]}}