{"id":141883,"date":"2019-06-16T06:00:21","date_gmt":"2019-06-16T09:00:21","guid":{"rendered":"https:\/\/diarioregionaldigital.com.br\/?p=141883"},"modified":"2019-06-12T15:44:13","modified_gmt":"2019-06-12T18:44:13","slug":"biblioteca-rodolfo-garcia","status":"publish","type":"post","link":"https:\/\/diarioregionaldigital.com.br\/?p=141883","title":{"rendered":"BIBLIOTECA RODOLFO GARCIA"},"content":{"rendered":"<p>Em setembro de 1999, no exerc\u00edcio da presid\u00eancia da Academia Brasileira de Letras, tomei a iniciativa de criar a Biblioteca Rodolfo Garcia, que \u00e9 a segunda da Casa de Machado de Assis, hoje com cerca de 100 mil volumes.<\/p>\n<p>O ato teve a unanimidade da ABL, tornando necess\u00e1rio o despojamento de alguns alugu\u00e9is do 2\u00ba andar, para viabilizar a iniciativa.\u00a0 O nome (Rodolfo Garcia) foi dado por Josu\u00e9 Montello, a quem solicitamos a indispens\u00e1vel colabora\u00e7\u00e3o.\u00a0 Era a figura do seu antigo chefe na Biblioteca Nacional.<\/p>\n<p>A constru\u00e7\u00e3o demorou um certo tempo e foi conclu\u00edda em 2015, na gest\u00e3o Ivan Junqueira, quando houve a inaugura\u00e7\u00e3o formal, para alegria dos imortais.<\/p>\n<p>Na cerim\u00f4nia de reativa\u00e7\u00e3o da BRG, o acad\u00eamico Alberto Venancio Filho, hoje diretor do importante setor, falou da sua emo\u00e7\u00e3o e citou os primeiros momentos de vida da institui\u00e7\u00e3o: \u201cA segunda biblioteca seria o prolongamento da primeira, hoje num espa\u00e7o ex\u00edguo.\u00a0 O local ideal seria mesmo o 2\u00ba andar do Centro Cultural do Brasil, uma \u00e1rea baixa de mil metros quadrados, o \u00fanico do Pal\u00e1cio Austreg\u00e9silo de Athayde ao qual se tem acesso pelo anexo j\u00e1 ocupado pela ABL.\u201d<\/p>\n<p>A minha iniciativa teve acolhida un\u00e2nime da Academia.\u00a0 Escolhi tamb\u00e9m, com a ajuda da Maria Eug\u00eania Stein, a arquiteta que deveria desenvolver o projeto.\u00a0 A constru\u00e7\u00e3o come\u00e7ou pelo mandato de Alberto da Costa e Silva, at\u00e9 ser conclu\u00edda na presid\u00eancia do poeta Ivan Junqueira (2005).<\/p>\n<p>A sess\u00e3o de 30\/9\/99, em que foi criada a Biblioteca Rodolfo Garcia, foi comandada pelos seguintes acad\u00eamicos: Arnaldo Niskier (Presidente), Tarc\u00edsio Padilha(Secret\u00e1rio-Geral), Evandro Lins e Silva(2\u00ba Secret\u00e1rio), Antonio Olinto (Tesoureiro), Geraldo Fran\u00e7a de Lima(Diretor da Biblioteca), Jo\u00e3o de Scantimburgo(Diretor da Revista Brasileira), Eduardo Portella(Diretor dos Anais da ABL), al\u00e9m dos seguintes imortais no plen\u00e1rio: Candido Mendes de Almeida, Celso Furtado, padre Fernando Bastos de \u00c1vila, Josu\u00e9 Montello, Ledo Ivo, Marcos Almir Madeira, Murilo Melo Filho, Oscar Dias Correa e Roberto Campos.\u00a0 Desse total de 16, infelizmente, 12 j\u00e1 falecidos.<\/p>\n<p>Hoje, a BRG tem uma m\u00e9dia de 85 visitantes\/dia e recebe diversos brazilianistas, dada a riqueza do seu extraordin\u00e1rio acervo.\u00a0 \u00c9 objeto de visitas sucessivas.\u00a0 Disp\u00f5e de diversas cole\u00e7\u00f5es de alto valor liter\u00e1rio, como \u00e9 o caso da biblioteca de Marcos Carneiro de Mendon\u00e7a, de extraordin\u00e1rio sentido hist\u00f3rico.<\/p>\n<p>Nem sempre a ABL cuidou devidamente do seu patrim\u00f4nio.\u00a0 Nos seus primeiros tempos n\u00e3o teve o cuidado de preservar, por exemplo, as leituras do patrono Machado de Assis.\u00a0 Hoje, lamentavelmente, existe apenas uma pequena estante com as leituras do patrono da ABL (algumas em ingl\u00eas), sem deixar uma no\u00e7\u00e3o correta dos seus cuidados com a leitura.<\/p>\n","protected":false},"excerpt":{"rendered":"<p>Em setembro de 1999, no exerc\u00edcio da presid\u00eancia da Academia Brasileira de Letras, tomei a iniciativa de criar a Biblioteca Rodolfo Garcia, que \u00e9 a segunda da Casa de Machado de Assis, hoje com cerca de 100 mil volumes. O ato teve a unanimidade da ABL, tornando necess\u00e1rio o despojamento de alguns alugu\u00e9is do 2\u00ba [&hellip;]<\/p>\n","protected":false},"author":96,"featured_media":96753,"comment_status":"closed","ping_status":"closed","sticky":false,"template":"","format":"standard","meta":{"footnotes":""},"categories":[275,435,439],"tags":[],"class_list":["post-141883","post","type-post","status-publish","format-standard","has-post-thumbnail","hentry","category-arnaldo-niskier","category-colunas","category-ultima-hora"],"_links":{"self":[{"href":"https:\/\/diarioregionaldigital.com.br\/index.php?rest_route=\/wp\/v2\/posts\/141883","targetHints":{"allow":["GET"]}}],"collection":[{"href":"https:\/\/diarioregionaldigital.com.br\/index.php?rest_route=\/wp\/v2\/posts"}],"about":[{"href":"https:\/\/diarioregionaldigital.com.br\/index.php?rest_route=\/wp\/v2\/types\/post"}],"author":[{"embeddable":true,"href":"https:\/\/diarioregionaldigital.com.br\/index.php?rest_route=\/wp\/v2\/users\/96"}],"replies":[{"embeddable":true,"href":"https:\/\/diarioregionaldigital.com.br\/index.php?rest_route=%2Fwp%2Fv2%2Fcomments&post=141883"}],"version-history":[{"count":0,"href":"https:\/\/diarioregionaldigital.com.br\/index.php?rest_route=\/wp\/v2\/posts\/141883\/revisions"}],"wp:featuredmedia":[{"embeddable":true,"href":"https:\/\/diarioregionaldigital.com.br\/index.php?rest_route=\/wp\/v2\/media\/96753"}],"wp:attachment":[{"href":"https:\/\/diarioregionaldigital.com.br\/index.php?rest_route=%2Fwp%2Fv2%2Fmedia&parent=141883"}],"wp:term":[{"taxonomy":"category","embeddable":true,"href":"https:\/\/diarioregionaldigital.com.br\/index.php?rest_route=%2Fwp%2Fv2%2Fcategories&post=141883"},{"taxonomy":"post_tag","embeddable":true,"href":"https:\/\/diarioregionaldigital.com.br\/index.php?rest_route=%2Fwp%2Fv2%2Ftags&post=141883"}],"curies":[{"name":"wp","href":"https:\/\/api.w.org\/{rel}","templated":true}]}}