{"id":141858,"date":"2019-05-28T06:00:43","date_gmt":"2019-05-28T09:00:43","guid":{"rendered":"https:\/\/diarioregionaldigital.com.br\/?p=141858"},"modified":"2019-06-12T14:59:48","modified_gmt":"2019-06-12T17:59:48","slug":"leilao-de-alienacao-fiduciaria-28-05-19","status":"publish","type":"post","link":"https:\/\/diarioregionaldigital.com.br\/?p=141858","title":{"rendered":"Leil\u00e3o de Aliena\u00e7\u00e3o Fiduci\u00e1ria &#8211; 28\/05\/19"},"content":{"rendered":"<p><img loading=\"lazy\" decoding=\"async\" class=\"aligncenter wp-image-141859 size-large\" src=\"https:\/\/diarioregionaldigital.com.br\/wp-content\/uploads\/2019\/06\/Edital-Leil\u00e3o-de-Aliena\u00e7\u00e3o-Fiduci\u00e1ria-Juiz-de-Fora-MG-1-563x1024.jpg\" alt=\"\" width=\"563\" height=\"1024\" srcset=\"https:\/\/diarioregionaldigital.com.br\/wp-content\/uploads\/2019\/06\/Edital-Leil\u00e3o-de-Aliena\u00e7\u00e3o-Fiduci\u00e1ria-Juiz-de-Fora-MG-1-563x1024.jpg 563w, https:\/\/diarioregionaldigital.com.br\/wp-content\/uploads\/2019\/06\/Edital-Leil\u00e3o-de-Aliena\u00e7\u00e3o-Fiduci\u00e1ria-Juiz-de-Fora-MG-1-165x300.jpg 165w, https:\/\/diarioregionaldigital.com.br\/wp-content\/uploads\/2019\/06\/Edital-Leil\u00e3o-de-Aliena\u00e7\u00e3o-Fiduci\u00e1ria-Juiz-de-Fora-MG-1-768x1397.jpg 768w, https:\/\/diarioregionaldigital.com.br\/wp-content\/uploads\/2019\/06\/Edital-Leil\u00e3o-de-Aliena\u00e7\u00e3o-Fiduci\u00e1ria-Juiz-de-Fora-MG-1-360x655.jpg 360w, https:\/\/diarioregionaldigital.com.br\/wp-content\/uploads\/2019\/06\/Edital-Leil\u00e3o-de-Aliena\u00e7\u00e3o-Fiduci\u00e1ria-Juiz-de-Fora-MG-1.jpg 848w\" sizes=\"auto, (max-width: 563px) 100vw, 563px\" \/><\/p>\n","protected":false},"excerpt":{"rendered":"","protected":false},"author":96,"featured_media":0,"comment_status":"closed","ping_status":"closed","sticky":false,"template":"","format":"standard","meta":{"footnotes":""},"categories":[307],"tags":[],"class_list":["post-141858","post","type-post","status-publish","format-standard","hentry","category-editais"],"_links":{"self":[{"href":"https:\/\/diarioregionaldigital.com.br\/index.php?rest_route=\/wp\/v2\/posts\/141858","targetHints":{"allow":["GET"]}}],"collection":[{"href":"https:\/\/diarioregionaldigital.com.br\/index.php?rest_route=\/wp\/v2\/posts"}],"about":[{"href":"https:\/\/diarioregionaldigital.com.br\/index.php?rest_route=\/wp\/v2\/types\/post"}],"author":[{"embeddable":true,"href":"https:\/\/diarioregionaldigital.com.br\/index.php?rest_route=\/wp\/v2\/users\/96"}],"replies":[{"embeddable":true,"href":"https:\/\/diarioregionaldigital.com.br\/index.php?rest_route=%2Fwp%2Fv2%2Fcomments&post=141858"}],"version-history":[{"count":0,"href":"https:\/\/diarioregionaldigital.com.br\/index.php?rest_route=\/wp\/v2\/posts\/141858\/revisions"}],"wp:attachment":[{"href":"https:\/\/diarioregionaldigital.com.br\/index.php?rest_route=%2Fwp%2Fv2%2Fmedia&parent=141858"}],"wp:term":[{"taxonomy":"category","embeddable":true,"href":"https:\/\/diarioregionaldigital.com.br\/index.php?rest_route=%2Fwp%2Fv2%2Fcategories&post=141858"},{"taxonomy":"post_tag","embeddable":true,"href":"https:\/\/diarioregionaldigital.com.br\/index.php?rest_route=%2Fwp%2Fv2%2Ftags&post=141858"}],"curies":[{"name":"wp","href":"https:\/\/api.w.org\/{rel}","templated":true}]}}