{"id":141768,"date":"2019-06-10T18:11:41","date_gmt":"2019-06-10T21:11:41","guid":{"rendered":"https:\/\/diarioregionaldigital.com.br\/?p=141768"},"modified":"2019-06-10T18:11:41","modified_gmt":"2019-06-10T21:11:41","slug":"agentes-de-transito-encontram-carro-furtado-no-bairro-manoel-honorio","status":"publish","type":"post","link":"https:\/\/diarioregionaldigital.com.br\/?p=141768","title":{"rendered":"Agentes de tr\u00e2nsito encontram carro furtado no bairro Manoel Hon\u00f3rio"},"content":{"rendered":"<p>Agentes da Secretaria de Transportes e Tr\u00e2nsito (Settra) da Prefeitura de Juiz de Fora (PJF) encontraram um ve\u00edculo com registro de furto nesta segunda-feira, 10. Os agentes realizavam fiscaliza\u00e7\u00e3o de rotina quando identificaram um carro estacionado irregularmente em frente a uma garagem na Avenida Governador Valadares, no bairro Manoel Hon\u00f3rio.<\/p>\n<p>O autom\u00f3vel foi identificado ap\u00f3s a Central de Fiscaliza\u00e7\u00e3o da Settra receber uma liga\u00e7\u00e3o solicitando a remo\u00e7\u00e3o de um carro que estava bloqueando a sa\u00edda de uma garagem na via. Ao chegarem ao local, os agentes verificaram que havia alerta de furto referente aquele ve\u00edculo.<\/p>\n<p>O gerente do Departamento de Fiscaliza\u00e7\u00e3o, Paulo Peron, disse que n\u00e3o \u00e9 a primeira vez que os agentes encontram um autom\u00f3vel roubado. \u201cTemos a satisfa\u00e7\u00e3o de poder ajudar a recuperar e restituir os ve\u00edculos aos seus propriet\u00e1rios. Os agentes est\u00e3o nas ruas diariamente, e usar suas atribui\u00e7\u00f5es para o bem comum \u00e9 um compromisso assumido com a popula\u00e7\u00e3o\u201d.<\/p>\n<p>Os agentes acionaram a Pol\u00edcia Militar (PM) que assumiu a ocorr\u00eancia.<\/p>\n","protected":false},"excerpt":{"rendered":"<p>Agentes da Secretaria de Transportes e Tr\u00e2nsito (Settra) da Prefeitura de Juiz de Fora (PJF) encontraram um ve\u00edculo com registro de furto nesta segunda-feira, 10. Os agentes realizavam fiscaliza\u00e7\u00e3o de rotina quando identificaram um carro estacionado irregularmente em frente a uma garagem na Avenida Governador Valadares, no bairro Manoel Hon\u00f3rio. O autom\u00f3vel foi identificado ap\u00f3s [&hellip;]<\/p>\n","protected":false},"author":96,"featured_media":141770,"comment_status":"closed","ping_status":"closed","sticky":false,"template":"","format":"standard","meta":{"footnotes":""},"categories":[253,436,440,439],"tags":[],"class_list":["post-141768","post","type-post","status-publish","format-standard","has-post-thumbnail","hentry","category-cidade","category-destaque-da-semana","category-destaques-do-dia","category-ultima-hora"],"_links":{"self":[{"href":"https:\/\/diarioregionaldigital.com.br\/index.php?rest_route=\/wp\/v2\/posts\/141768","targetHints":{"allow":["GET"]}}],"collection":[{"href":"https:\/\/diarioregionaldigital.com.br\/index.php?rest_route=\/wp\/v2\/posts"}],"about":[{"href":"https:\/\/diarioregionaldigital.com.br\/index.php?rest_route=\/wp\/v2\/types\/post"}],"author":[{"embeddable":true,"href":"https:\/\/diarioregionaldigital.com.br\/index.php?rest_route=\/wp\/v2\/users\/96"}],"replies":[{"embeddable":true,"href":"https:\/\/diarioregionaldigital.com.br\/index.php?rest_route=%2Fwp%2Fv2%2Fcomments&post=141768"}],"version-history":[{"count":0,"href":"https:\/\/diarioregionaldigital.com.br\/index.php?rest_route=\/wp\/v2\/posts\/141768\/revisions"}],"wp:featuredmedia":[{"embeddable":true,"href":"https:\/\/diarioregionaldigital.com.br\/index.php?rest_route=\/wp\/v2\/media\/141770"}],"wp:attachment":[{"href":"https:\/\/diarioregionaldigital.com.br\/index.php?rest_route=%2Fwp%2Fv2%2Fmedia&parent=141768"}],"wp:term":[{"taxonomy":"category","embeddable":true,"href":"https:\/\/diarioregionaldigital.com.br\/index.php?rest_route=%2Fwp%2Fv2%2Fcategories&post=141768"},{"taxonomy":"post_tag","embeddable":true,"href":"https:\/\/diarioregionaldigital.com.br\/index.php?rest_route=%2Fwp%2Fv2%2Ftags&post=141768"}],"curies":[{"name":"wp","href":"https:\/\/api.w.org\/{rel}","templated":true}]}}