{"id":141767,"date":"2019-06-10T18:11:22","date_gmt":"2019-06-10T21:11:22","guid":{"rendered":"https:\/\/diarioregionaldigital.com.br\/?p=141767"},"modified":"2019-06-10T18:11:22","modified_gmt":"2019-06-10T21:11:22","slug":"evento-de-adocao-garante-lar-para-20-animais","status":"publish","type":"post","link":"https:\/\/diarioregionaldigital.com.br\/?p=141767","title":{"rendered":"Evento de ado\u00e7\u00e3o garante lar para 20 animais"},"content":{"rendered":"<p>&nbsp;<\/p>\n<p>12 c\u00e3es e oito gatos foram adotados no \u00faltimo s\u00e1bado, 8, durante o evento de ado\u00e7\u00e3o de animais de pequeno porte promovido pelo Departamento de Controle Animal (Dcan) do Departamento Municipal de Limpeza Urbana (Demlurb).<\/p>\n<p>O evento foi realizado no Hospital Veterin\u00e1rio Estrada Real, localizado na Rua Alencar Trist\u00e3o, 287, Bairro Santa Terezinha. A gerente do Dcan, Miriam Neder, diz que eventos de ado\u00e7\u00e3o com animais de porte pequeno s\u00e3o os mais procurados:\u201cDos 25 animais levados, 20 ganharam um novo lar.\u201d Ela avalia que \u201cadotar um animal representa uma aprendizagem, na qual se descobre a ess\u00eancia do apre\u00e7o, da amizade e da fidelidade. As pessoas que adotam sempre ter\u00e3o um amigo ao seu lado\u201d.<\/p>\n<p>Caroline Freitas adotou o gato Wolverine. \u201cUma nova amizade vai nascer a partir de hoje, sempre tive vontade de adotar um gato e hoje a oportunidade surgiu\u201d. RennanBaldutti, que levou para casa o c\u00e3o Basset Kiko, est\u00e1 muito feliz com seu novo amigo. \u201cEle vai me fazer companhia e eu vou presente\u00e1-lo com um lar, prote\u00e7\u00e3o e carinho\u201d, finalizou.<\/p>\n<p>Quem n\u00e3o p\u00f4de comparecer ao evento e deseja adotar, pode entrar em contato pelo Disque-Ado\u00e7\u00e3o, atrav\u00e9s do telefone 3225-9933 ou visitando o Canil, na Rua Bartolomeu dos Santos, Bairro S\u00e3o Dami\u00e3o, de segunda a sexta-feira, das 9 \u00e0s 11h30 e das 13 \u00e0s 15h30.<\/p>\n","protected":false},"excerpt":{"rendered":"<p>&nbsp; 12 c\u00e3es e oito gatos foram adotados no \u00faltimo s\u00e1bado, 8, durante o evento de ado\u00e7\u00e3o de animais de pequeno porte promovido pelo Departamento de Controle Animal (Dcan) do Departamento Municipal de Limpeza Urbana (Demlurb). O evento foi realizado no Hospital Veterin\u00e1rio Estrada Real, localizado na Rua Alencar Trist\u00e3o, 287, Bairro Santa Terezinha. A [&hellip;]<\/p>\n","protected":false},"author":96,"featured_media":141769,"comment_status":"closed","ping_status":"closed","sticky":false,"template":"","format":"standard","meta":{"footnotes":""},"categories":[253,436,439],"tags":[],"class_list":["post-141767","post","type-post","status-publish","format-standard","has-post-thumbnail","hentry","category-cidade","category-destaque-da-semana","category-ultima-hora"],"_links":{"self":[{"href":"https:\/\/diarioregionaldigital.com.br\/index.php?rest_route=\/wp\/v2\/posts\/141767","targetHints":{"allow":["GET"]}}],"collection":[{"href":"https:\/\/diarioregionaldigital.com.br\/index.php?rest_route=\/wp\/v2\/posts"}],"about":[{"href":"https:\/\/diarioregionaldigital.com.br\/index.php?rest_route=\/wp\/v2\/types\/post"}],"author":[{"embeddable":true,"href":"https:\/\/diarioregionaldigital.com.br\/index.php?rest_route=\/wp\/v2\/users\/96"}],"replies":[{"embeddable":true,"href":"https:\/\/diarioregionaldigital.com.br\/index.php?rest_route=%2Fwp%2Fv2%2Fcomments&post=141767"}],"version-history":[{"count":0,"href":"https:\/\/diarioregionaldigital.com.br\/index.php?rest_route=\/wp\/v2\/posts\/141767\/revisions"}],"wp:featuredmedia":[{"embeddable":true,"href":"https:\/\/diarioregionaldigital.com.br\/index.php?rest_route=\/wp\/v2\/media\/141769"}],"wp:attachment":[{"href":"https:\/\/diarioregionaldigital.com.br\/index.php?rest_route=%2Fwp%2Fv2%2Fmedia&parent=141767"}],"wp:term":[{"taxonomy":"category","embeddable":true,"href":"https:\/\/diarioregionaldigital.com.br\/index.php?rest_route=%2Fwp%2Fv2%2Fcategories&post=141767"},{"taxonomy":"post_tag","embeddable":true,"href":"https:\/\/diarioregionaldigital.com.br\/index.php?rest_route=%2Fwp%2Fv2%2Ftags&post=141767"}],"curies":[{"name":"wp","href":"https:\/\/api.w.org\/{rel}","templated":true}]}}