{"id":141762,"date":"2019-06-10T18:07:50","date_gmt":"2019-06-10T21:07:50","guid":{"rendered":"https:\/\/diarioregionaldigital.com.br\/?p=141762"},"modified":"2019-06-10T18:07:50","modified_gmt":"2019-06-10T21:07:50","slug":"audiencias-publicas-do-mes-de-junho-tem-datas-definidas","status":"publish","type":"post","link":"https:\/\/diarioregionaldigital.com.br\/?p=141762","title":{"rendered":"Audi\u00eancias p\u00fablicas do m\u00eas de junho t\u00eam datas definidas"},"content":{"rendered":"<p>A C\u00e2mara Municipal confirmou tr\u00eas audi\u00eancias para sexto per\u00edodo Legislativo. A primeira acontece na ter\u00e7a-feira, dia 18 \u00e0s 15h no plen\u00e1rio da C\u00e2mara. A discuss\u00e3o ser\u00e1 sobre a viol\u00eancia dom\u00e9stica e a aplicabilidade da lei do feminic\u00eddio, o pedido \u00e9 do vereador Nilton Milit\u00e3o (PTC).<\/p>\n<p>J\u00e1 na quarta-feira, 19, \u00e0s 15h, o proponente da audi\u00eancia Sargento Mello casal (PTB) \u00a0quer debater sobre o impacto da aplica\u00e7\u00e3o da Portaria 834\/2019, que estabelece a\u00e7\u00f5es coordenadas em forma de colabora\u00e7\u00e3o e implementa\u00e7\u00e3o de pol\u00edticas prisionais e penitenci\u00e1rias, o intuito \u00e9 verificar a situa\u00e7\u00e3o jur\u00eddica de cada pessoa recolhida em estabelecimento prisional do Estado de MG.<\/p>\n<p>A \u00faltima audi\u00eancia p\u00fablica ocorre na quarta-feira, 26, \u00e0s 15h, a pedido do vereador Juraci Scheffer (PT),\u00a0para debater a situa\u00e7\u00e3o Econ\u00f4mica e Fiscal da Empresa Municipal de Pavimenta\u00e7\u00e3o e Urbaniza\u00e7\u00e3o \u2013 EMPAV.<\/p>\n<p>&nbsp;<\/p>\n<p>&nbsp;<\/p>\n","protected":false},"excerpt":{"rendered":"<p>A C\u00e2mara Municipal confirmou tr\u00eas audi\u00eancias para sexto per\u00edodo Legislativo. A primeira acontece na ter\u00e7a-feira, dia 18 \u00e0s 15h no plen\u00e1rio da C\u00e2mara. A discuss\u00e3o ser\u00e1 sobre a viol\u00eancia dom\u00e9stica e a aplicabilidade da lei do feminic\u00eddio, o pedido \u00e9 do vereador Nilton Milit\u00e3o (PTC). J\u00e1 na quarta-feira, 19, \u00e0s 15h, o proponente da audi\u00eancia [&hellip;]<\/p>\n","protected":false},"author":96,"featured_media":141763,"comment_status":"closed","ping_status":"closed","sticky":false,"template":"","format":"standard","meta":{"footnotes":""},"categories":[253,436,439],"tags":[],"class_list":["post-141762","post","type-post","status-publish","format-standard","has-post-thumbnail","hentry","category-cidade","category-destaque-da-semana","category-ultima-hora"],"_links":{"self":[{"href":"https:\/\/diarioregionaldigital.com.br\/index.php?rest_route=\/wp\/v2\/posts\/141762","targetHints":{"allow":["GET"]}}],"collection":[{"href":"https:\/\/diarioregionaldigital.com.br\/index.php?rest_route=\/wp\/v2\/posts"}],"about":[{"href":"https:\/\/diarioregionaldigital.com.br\/index.php?rest_route=\/wp\/v2\/types\/post"}],"author":[{"embeddable":true,"href":"https:\/\/diarioregionaldigital.com.br\/index.php?rest_route=\/wp\/v2\/users\/96"}],"replies":[{"embeddable":true,"href":"https:\/\/diarioregionaldigital.com.br\/index.php?rest_route=%2Fwp%2Fv2%2Fcomments&post=141762"}],"version-history":[{"count":0,"href":"https:\/\/diarioregionaldigital.com.br\/index.php?rest_route=\/wp\/v2\/posts\/141762\/revisions"}],"wp:featuredmedia":[{"embeddable":true,"href":"https:\/\/diarioregionaldigital.com.br\/index.php?rest_route=\/wp\/v2\/media\/141763"}],"wp:attachment":[{"href":"https:\/\/diarioregionaldigital.com.br\/index.php?rest_route=%2Fwp%2Fv2%2Fmedia&parent=141762"}],"wp:term":[{"taxonomy":"category","embeddable":true,"href":"https:\/\/diarioregionaldigital.com.br\/index.php?rest_route=%2Fwp%2Fv2%2Fcategories&post=141762"},{"taxonomy":"post_tag","embeddable":true,"href":"https:\/\/diarioregionaldigital.com.br\/index.php?rest_route=%2Fwp%2Fv2%2Ftags&post=141762"}],"curies":[{"name":"wp","href":"https:\/\/api.w.org\/{rel}","templated":true}]}}