{"id":141758,"date":"2019-06-10T18:09:04","date_gmt":"2019-06-10T21:09:04","guid":{"rendered":"https:\/\/diarioregionaldigital.com.br\/?p=141758"},"modified":"2019-06-10T18:09:04","modified_gmt":"2019-06-10T21:09:04","slug":"usuarios-do-sus-contam-com-espaco-revitalizado-para-transplante-de-medula-ossea-no-hu-ufjf","status":"publish","type":"post","link":"https:\/\/diarioregionaldigital.com.br\/?p=141758","title":{"rendered":"Usu\u00e1rios do SUS contam com espa\u00e7o revitalizado para Transplante de Medula \u00d3ssea no HU-UFJF"},"content":{"rendered":"<p>A Rede do Sistema \u00danico de Sa\u00fade (SUS) tem \u00e0 disposi\u00e7\u00e3o um novo espa\u00e7o para a realiza\u00e7\u00e3o de transplantes de medula \u00f3ssea. Trata-se da enfermaria da Unidade de Hematologia e Oncologia do Hospital Universit\u00e1rio da UFJF (HU-UFJF\/EBSERH), que foi completamente reformada e passa a contar com cinco leitos em opera\u00e7\u00e3o. Foram investidos R$ 325 mil em obras de infraestrutura e compra de equipamentos \u2013 sendo, desse total, R$ 285 mil destinados pelo Minist\u00e9rio P\u00fablico do Trabalho (MPT).<\/p>\n<p>Al\u00e9m das reformas estruturais, as interven\u00e7\u00f5es contemplaram a instala\u00e7\u00e3o de um novo equipamento de climatiza\u00e7\u00e3o e filtragem do ar, com tecnologia espec\u00edfica para o ambiente hospitalar; aquisi\u00e7\u00e3o de m\u00e1quina de af\u00e9rese [separadora dos componentes do sangue]; compra de medicamentos e outros equipamentos para o servi\u00e7o de Transplante de Medula \u00d3ssea. \u201cEssa interven\u00e7\u00e3o \u00e9 muito importante para os usu\u00e1rios, pois somos o \u00fanico hospital p\u00fablico da regi\u00e3o que realiza esse tipo de transplante. Por isso, h\u00e1 uma demanda assistencial muito grande\u201d, ressalta o superintendente do HU-UFJF\/EBSERH, Dimas Ara\u00fajo.<\/p>\n<p>O m\u00e9dico e respons\u00e1vel t\u00e9cnico pela \u00e1rea de Hematologia Cl\u00ednica, Abrah\u00e3o Hallack, salienta que a institui\u00e7\u00e3o desempenha um papel importante para o atendimento aos usu\u00e1rios do SUS. \u201cO HU, hoje, tem condi\u00e7\u00f5es de usar de maneira plena essa enfermaria, oferecendo tratamento para pessoas que v\u00eam de toda a regi\u00e3o, inclusive de outros estados\u201d.<\/p>\n<p>&nbsp;<\/p>\n<p><strong>Benef\u00edcios \u00e0 popula\u00e7\u00e3o<\/strong><\/p>\n<p>A nova m\u00e1quina de af\u00e9rese substituir\u00e1 o equipamento utilizado pelo hospital para a coleta de c\u00e9lulas tronco. De acordo com o enfermeiro oncol\u00f3gico do setor, Victor Pereira, o equipamento j\u00e1 \u00e9 usado em grandes centros, como S\u00e3o Paulo, e em pa\u00edses como Alemanha e Espanha. \u201cA nova m\u00e1quina possui um sistema mais automatizado, tornando o processo mais din\u00e2mico e eficiente\u201d, al\u00e9m de proporcionar maior seguran\u00e7a ao paciente nas etapas do transplante.<\/p>\n<p>Desde o credenciamento para a realiza\u00e7\u00e3o de transplantes de medula \u00f3ssea, em outubro de 2013, foram realizados mais de 350 procedimentos no Hospital Universit\u00e1rio. Em 2018, houve 33 transplantes, um n\u00famero recorde. Com a reforma e os novos equipamentos, o setor poder\u00e1 ampliar seus atendimentos, refor\u00e7a o analista administrativo do HU-UFJF\/EBSERH, Igor de Brito Andrade.<\/p>\n<p>&nbsp;<\/p>\n<p><strong>Sobre a Rede Hospitalar Ebserh<\/strong><\/p>\n<p>\u200b\u00a0\u00a0\u00a0\u00a0\u00a0\u00a0\u00a0\u00a0\u00a0\u00a0\u00a0 Desde novembro de 2014, o HU-UFJF faz parte da Rede Ebserh. Vinculada ao Minist\u00e9rio da Educa\u00e7\u00e3o (MEC), a Empresa Brasileira de Servi\u00e7os Hospitalares (Ebserh) foi criada em 2011 e, atualmente, administra 40 hospitais universit\u00e1rios federais, apoiando e impulsionando suas atividades por meio de uma gest\u00e3o de excel\u00eancia.<\/p>\n<p>Como hospitais ligados a universidades federais, essas unidades t\u00eam caracter\u00edsticas espec\u00edficas: atendem pacientes do Sistema \u00danico de Sa\u00fade (SUS), e, principalmente, apoiam a forma\u00e7\u00e3o de profissionais de sa\u00fade e o desenvolvimento de pesquisas. Devido a essa natureza educacional, os hospitais universit\u00e1rios s\u00e3o campos de forma\u00e7\u00e3o de profissionais de sa\u00fade. Com isso, a Rede Hospitalar Ebserh atua de forma complementar ao SUS, n\u00e3o sendo respons\u00e1vel pela totalidade dos atendimentos de sa\u00fade do pa\u00eds.<\/p>\n<p>Fonte: HU-UFJF<\/p>\n","protected":false},"excerpt":{"rendered":"<p>A Rede do Sistema \u00danico de Sa\u00fade (SUS) tem \u00e0 disposi\u00e7\u00e3o um novo espa\u00e7o para a realiza\u00e7\u00e3o de transplantes de medula \u00f3ssea. Trata-se da enfermaria da Unidade de Hematologia e Oncologia do Hospital Universit\u00e1rio da UFJF (HU-UFJF\/EBSERH), que foi completamente reformada e passa a contar com cinco leitos em opera\u00e7\u00e3o. Foram investidos R$ 325 mil [&hellip;]<\/p>\n","protected":false},"author":96,"featured_media":141764,"comment_status":"closed","ping_status":"closed","sticky":false,"template":"","format":"standard","meta":{"footnotes":""},"categories":[253,436,439],"tags":[],"class_list":["post-141758","post","type-post","status-publish","format-standard","has-post-thumbnail","hentry","category-cidade","category-destaque-da-semana","category-ultima-hora"],"_links":{"self":[{"href":"https:\/\/diarioregionaldigital.com.br\/index.php?rest_route=\/wp\/v2\/posts\/141758","targetHints":{"allow":["GET"]}}],"collection":[{"href":"https:\/\/diarioregionaldigital.com.br\/index.php?rest_route=\/wp\/v2\/posts"}],"about":[{"href":"https:\/\/diarioregionaldigital.com.br\/index.php?rest_route=\/wp\/v2\/types\/post"}],"author":[{"embeddable":true,"href":"https:\/\/diarioregionaldigital.com.br\/index.php?rest_route=\/wp\/v2\/users\/96"}],"replies":[{"embeddable":true,"href":"https:\/\/diarioregionaldigital.com.br\/index.php?rest_route=%2Fwp%2Fv2%2Fcomments&post=141758"}],"version-history":[{"count":0,"href":"https:\/\/diarioregionaldigital.com.br\/index.php?rest_route=\/wp\/v2\/posts\/141758\/revisions"}],"wp:featuredmedia":[{"embeddable":true,"href":"https:\/\/diarioregionaldigital.com.br\/index.php?rest_route=\/wp\/v2\/media\/141764"}],"wp:attachment":[{"href":"https:\/\/diarioregionaldigital.com.br\/index.php?rest_route=%2Fwp%2Fv2%2Fmedia&parent=141758"}],"wp:term":[{"taxonomy":"category","embeddable":true,"href":"https:\/\/diarioregionaldigital.com.br\/index.php?rest_route=%2Fwp%2Fv2%2Fcategories&post=141758"},{"taxonomy":"post_tag","embeddable":true,"href":"https:\/\/diarioregionaldigital.com.br\/index.php?rest_route=%2Fwp%2Fv2%2Ftags&post=141758"}],"curies":[{"name":"wp","href":"https:\/\/api.w.org\/{rel}","templated":true}]}}