{"id":141746,"date":"2019-06-10T15:37:54","date_gmt":"2019-06-10T18:37:54","guid":{"rendered":"https:\/\/diarioregionaldigital.com.br\/?p=141746"},"modified":"2019-06-10T15:37:54","modified_gmt":"2019-06-10T18:37:54","slug":"missao-dos-eua-inspeciona-frigorificos-brasileiros","status":"publish","type":"post","link":"https:\/\/diarioregionaldigital.com.br\/?p=141746","title":{"rendered":"Miss\u00e3o dos EUA inspeciona frigor\u00edficos brasileiros"},"content":{"rendered":"<p>Uma miss\u00e3o veterin\u00e1ria dos Estados Unidos chegou ao Brasil para inspecionar frigor\u00edficos de bovinos e su\u00ednos. A comitiva participou hoje (10) de uma primeira reuni\u00e3o no Minist\u00e9rio da Agricultura, em Bras\u00edlia, e a partir da amanh\u00e3 inicia as inspe\u00e7\u00f5es em seis estados visitando abatedouros, laborat\u00f3rios federais e servi\u00e7os de inspe\u00e7\u00e3o<\/p>\n<p>A auditoria, que se estender\u00e1 at\u00e9 o pr\u00f3ximo dia 28, ser\u00e1 realizada em abatedouros de S\u00e3o Paulo, Minas Gerais, Goi\u00e1s, Rio Grande do Sul, Santa Catarina e Mato Grosso do Sul.<\/p>\n<p>Eles v\u00e3o visitar tamb\u00e9m os Laborat\u00f3rios Federais de Defesa Agropecu\u00e1ria em S\u00e3o Paulo e Minas Gerais, e centros de an\u00e1lises do Minist\u00e9rio da Agricultura, Pecu\u00e1ria e Abastecimento.<\/p>\n<p>De acordo com o Minist\u00e9rio da Agricultura, o Brasil j\u00e1 cumpriu todas as exig\u00eancias feitas pelos americanos em rela\u00e7\u00e3o \u00e0 qualidade do produto brasileiro e agora est\u00e1 pronto para dar in\u00edcio \u00e0s exporta\u00e7\u00f5es de carne bovina in natura.<\/p>\n<p>Est\u00e3o previstas ainda auditorias nos Servi\u00e7os de Inspe\u00e7\u00e3o de Produtos de Origem Animal do Minist\u00e9rio em S\u00e3o Paulo, Rio Grande do Sul, Santa Catarina e Goi\u00e1s. Os roteiros ser\u00e3o cumpridos por duas equipes, de seis veterin\u00e1rios do Servi\u00e7o de Inspe\u00e7\u00e3o e<\/p>\n<p>Seguran\u00e7a Alimentar dos Estados Unidos (FSIS na sigla em ingl\u00eas), do Departamento de Agricultura dos Estados Unidos (USDA).<\/p>\n<h2>Hist\u00f3rico<\/h2>\n<p>Em junho de 2017, os americanos suspenderam as compras de cortes bovinos do Brasil, devido \u00e0s rea\u00e7\u00f5es (abcessos) provocadas no rebanho, pela vacina contra a febre aftosa. Essas rea\u00e7\u00f5es desencadearam o processo de redu\u00e7\u00e3o da dose da vacina de 5 ml para 2 ml e a retirada da saponina da composi\u00e7\u00e3o do produto.<\/p>\n<p>O Brasil obteve autoriza\u00e7\u00e3o em 2015 para exportar carne bovina in natura para os EUA, processo que se arrastou por 15 anos, limitando-se a vender apenas carne termoprocessada (cozida) para aquele pa\u00eds.<\/p>\n<p>Fonte: Ag\u00eancia Brasil<\/p>\n","protected":false},"excerpt":{"rendered":"<p>Uma miss\u00e3o veterin\u00e1ria dos Estados Unidos chegou ao Brasil para inspecionar frigor\u00edficos de bovinos e su\u00ednos. A comitiva participou hoje (10) de uma primeira reuni\u00e3o no Minist\u00e9rio da Agricultura, em Bras\u00edlia, e a partir da amanh\u00e3 inicia as inspe\u00e7\u00f5es em seis estados visitando abatedouros, laborat\u00f3rios federais e servi\u00e7os de inspe\u00e7\u00e3o A auditoria, que se estender\u00e1 [&hellip;]<\/p>\n","protected":false},"author":96,"featured_media":141747,"comment_status":"closed","ping_status":"closed","sticky":false,"template":"","format":"standard","meta":{"footnotes":""},"categories":[436,261,439],"tags":[],"class_list":["post-141746","post","type-post","status-publish","format-standard","has-post-thumbnail","hentry","category-destaque-da-semana","category-economia","category-ultima-hora"],"_links":{"self":[{"href":"https:\/\/diarioregionaldigital.com.br\/index.php?rest_route=\/wp\/v2\/posts\/141746","targetHints":{"allow":["GET"]}}],"collection":[{"href":"https:\/\/diarioregionaldigital.com.br\/index.php?rest_route=\/wp\/v2\/posts"}],"about":[{"href":"https:\/\/diarioregionaldigital.com.br\/index.php?rest_route=\/wp\/v2\/types\/post"}],"author":[{"embeddable":true,"href":"https:\/\/diarioregionaldigital.com.br\/index.php?rest_route=\/wp\/v2\/users\/96"}],"replies":[{"embeddable":true,"href":"https:\/\/diarioregionaldigital.com.br\/index.php?rest_route=%2Fwp%2Fv2%2Fcomments&post=141746"}],"version-history":[{"count":0,"href":"https:\/\/diarioregionaldigital.com.br\/index.php?rest_route=\/wp\/v2\/posts\/141746\/revisions"}],"wp:featuredmedia":[{"embeddable":true,"href":"https:\/\/diarioregionaldigital.com.br\/index.php?rest_route=\/wp\/v2\/media\/141747"}],"wp:attachment":[{"href":"https:\/\/diarioregionaldigital.com.br\/index.php?rest_route=%2Fwp%2Fv2%2Fmedia&parent=141746"}],"wp:term":[{"taxonomy":"category","embeddable":true,"href":"https:\/\/diarioregionaldigital.com.br\/index.php?rest_route=%2Fwp%2Fv2%2Fcategories&post=141746"},{"taxonomy":"post_tag","embeddable":true,"href":"https:\/\/diarioregionaldigital.com.br\/index.php?rest_route=%2Fwp%2Fv2%2Ftags&post=141746"}],"curies":[{"name":"wp","href":"https:\/\/api.w.org\/{rel}","templated":true}]}}