{"id":141731,"date":"2019-06-10T14:21:27","date_gmt":"2019-06-10T17:21:27","guid":{"rendered":"https:\/\/diarioregionaldigital.com.br\/?p=141731"},"modified":"2019-06-10T14:21:27","modified_gmt":"2019-06-10T17:21:27","slug":"relator-da-previdencia-adia-apresentacao-de-relatorio-para-quinta","status":"publish","type":"post","link":"https:\/\/diarioregionaldigital.com.br\/?p=141731","title":{"rendered":"Relator da Previd\u00eancia adia apresenta\u00e7\u00e3o de relat\u00f3rio para quinta"},"content":{"rendered":"<p>O relator da reforma da Previd\u00eancia na C\u00e2mara, deputado Samuel Moreira (PSDB-SP) confirmou que vai apresentar na pr\u00f3xima quinta-feira (13) o seu relat\u00f3rio na Comiss\u00e3o Especial que analisa a proposta na Casa. O adiamento foi necess\u00e1rio para que Moreira tenha tempo de acertar os termos da proposta com l\u00edderes partid\u00e1rios na quarta-feira (12) e com\u00a0governadores\u00a0que estar\u00e3o em Bras\u00edlia amanh\u00e3 (11).<\/p>\n<p>Ontem, depois de uma maratona de reuni\u00f5es com t\u00e9cnicos durante todo o fim de semana, o deputado se reuniu a noite com l\u00edderes de nove partidos, o presidente da Casa, Rodrigo Maia (DEM-RJ), e o secret\u00e1rio especial de Previd\u00eancia e Trabalho, Rog\u00e9rio Marinho.<\/p>\n<p>No encontro, as aten\u00e7\u00f5es foram concentradas em pontos que ainda n\u00e3o s\u00e3o consenso. Nesse sentido, por causa do impacto da economia esperada pelo governo, a defini\u00e7\u00e3o de uma regra de transi\u00e7\u00e3o para servidores p\u00fablicos e trabalhadores da iniciativa privada, vinculados ao INSS e o regime de capitaliza\u00e7\u00e3o, ainda preocupam.<\/p>\n<p>Nesse \u00faltimo ponto, segundo o relator, a proposta do governo ser\u00e1 alterada. Sem dar detalhes, Moreira adiantou que est\u00e1 em discuss\u00e3o a inclus\u00e3o de uma quarta alternativa para regra de transi\u00e7\u00e3o para trabalhadores tanto do regime geral quanto servidores p\u00fablicos. \u201cSe houver regra de transi\u00e7\u00e3o, \u00e9 mais uma al\u00e9m do que o governo apresentou. Se for para construir apoio, ser\u00e1 mais uma alternativa para os trabalhadores\u201d, ressaltou.<\/p>\n<p>\u201cSe governadores e deputados quiserem contribuir com uma unidade e acharem que esse ponto trava o apoio de outros deputados para a constru\u00e7\u00e3o dessa grande maioria, n\u00e3o vejo problema, at\u00e9 porque eu particularmente defendo a capitaliza\u00e7\u00e3o, mas acho que nesse momento n\u00e3o \u00e9 o mais importante. Nesse momento, o mais importante \u00e9 equilibrar as contas da Previd\u00eancia e inverter essa curva de d\u00e9ficit\u201d. O relator disse que neste ponto, ele dever\u00e1 exigir a contribui\u00e7\u00e3o dos empregadores para a capitaliza\u00e7\u00e3o.<\/p>\n<p>O esfor\u00e7o em torno do texto tem sido para que seja levado \u00e0 vota\u00e7\u00e3o a proposta mais consensual poss\u00edvel. S\u00f3 assim os deputados acreditam que ser\u00e1 poss\u00edvel alcan\u00e7ar os o m\u00ednimo de 308 votos exigidos para ser aprovada no plen\u00e1rio da C\u00e2mara.<\/p>\n<p>Outro ponto que tamb\u00e9m enfrenta resist\u00eancia dos deputados \u00e9 tamb\u00e9m uma das principais demandas de estados e munic\u00edpios. Os entes querem permanecer no texto da reforma, como originalmente proposto pelo governo. Apesar disso, boa parte dos parlamentares ainda recha\u00e7am a ideia com medo de que regras mais duras para a aposentadoria de servidores estaduais e municipais traga um grande desgaste junto \u00e0s suas bases eleitorais. \u201cPrecisamos construir o m\u00e1ximo de lideran\u00e7a no entorno desse relat\u00f3rio e isso est\u00e1 acontecendo, estamos confiantes. Esse ponto, inclusive, pode fazer avan\u00e7ar na quest\u00e3o de outros pontos do relat\u00f3rio, para encontrar uma maioria importante com a presen\u00e7a dos governadores e a participa\u00e7\u00e3o deles\u201d, avaliou o relator.<\/p>\n<p><strong>Tramita\u00e7\u00e3o<\/strong><\/p>\n<p>Na avalia\u00e7\u00e3o de Samuel Moreira, o calend\u00e1rio estabelecido inicialmente para a vota\u00e7\u00e3o da reforma na comiss\u00e3o especial at\u00e9 o fim desta semana, deve ser mantido. No plen\u00e1rio da C\u00e2mara a expectativa \u00e9 de que a vota\u00e7\u00e3o da mat\u00e9ria ocorra na primeira quinzena de julho, antes do recesso parlamentar que come\u00e7a no dia 18. \u201cO presidente da C\u00e2mara, Rodrigo Maia, est\u00e1 confiante na forma\u00e7\u00e3o de uma maioria\u201d.<\/p>\n<p>Fonte: Ag\u00eancia Brasil<\/p>\n","protected":false},"excerpt":{"rendered":"<p>O relator da reforma da Previd\u00eancia na C\u00e2mara, deputado Samuel Moreira (PSDB-SP) confirmou que vai apresentar na pr\u00f3xima quinta-feira (13) o seu relat\u00f3rio na Comiss\u00e3o Especial que analisa a proposta na Casa. O adiamento foi necess\u00e1rio para que Moreira tenha tempo de acertar os termos da proposta com l\u00edderes partid\u00e1rios na quarta-feira (12) e com\u00a0governadores\u00a0que [&hellip;]<\/p>\n","protected":false},"author":96,"featured_media":141732,"comment_status":"closed","ping_status":"closed","sticky":false,"template":"","format":"standard","meta":{"footnotes":""},"categories":[436,254,439],"tags":[],"class_list":["post-141731","post","type-post","status-publish","format-standard","has-post-thumbnail","hentry","category-destaque-da-semana","category-politica","category-ultima-hora"],"_links":{"self":[{"href":"https:\/\/diarioregionaldigital.com.br\/index.php?rest_route=\/wp\/v2\/posts\/141731","targetHints":{"allow":["GET"]}}],"collection":[{"href":"https:\/\/diarioregionaldigital.com.br\/index.php?rest_route=\/wp\/v2\/posts"}],"about":[{"href":"https:\/\/diarioregionaldigital.com.br\/index.php?rest_route=\/wp\/v2\/types\/post"}],"author":[{"embeddable":true,"href":"https:\/\/diarioregionaldigital.com.br\/index.php?rest_route=\/wp\/v2\/users\/96"}],"replies":[{"embeddable":true,"href":"https:\/\/diarioregionaldigital.com.br\/index.php?rest_route=%2Fwp%2Fv2%2Fcomments&post=141731"}],"version-history":[{"count":0,"href":"https:\/\/diarioregionaldigital.com.br\/index.php?rest_route=\/wp\/v2\/posts\/141731\/revisions"}],"wp:featuredmedia":[{"embeddable":true,"href":"https:\/\/diarioregionaldigital.com.br\/index.php?rest_route=\/wp\/v2\/media\/141732"}],"wp:attachment":[{"href":"https:\/\/diarioregionaldigital.com.br\/index.php?rest_route=%2Fwp%2Fv2%2Fmedia&parent=141731"}],"wp:term":[{"taxonomy":"category","embeddable":true,"href":"https:\/\/diarioregionaldigital.com.br\/index.php?rest_route=%2Fwp%2Fv2%2Fcategories&post=141731"},{"taxonomy":"post_tag","embeddable":true,"href":"https:\/\/diarioregionaldigital.com.br\/index.php?rest_route=%2Fwp%2Fv2%2Ftags&post=141731"}],"curies":[{"name":"wp","href":"https:\/\/api.w.org\/{rel}","templated":true}]}}