{"id":141726,"date":"2019-06-08T18:09:30","date_gmt":"2019-06-08T21:09:30","guid":{"rendered":"https:\/\/diarioregionaldigital.com.br\/?p=141726"},"modified":"2019-06-08T18:09:30","modified_gmt":"2019-06-08T21:09:30","slug":"cma-analisa-projeto-que-torna-crimes-ambientais-da-mineracao-imprescritiveis","status":"publish","type":"post","link":"https:\/\/diarioregionaldigital.com.br\/?p=141726","title":{"rendered":"CMA analisa projeto que torna crimes ambientais da minera\u00e7\u00e3o imprescrit\u00edveis"},"content":{"rendered":"<p>A Comiss\u00e3o de Meio Ambiente (CMA) se re\u00fane na pr\u00f3xima quarta-feira (12), a partir das 14h, e pode votar o projeto de lei que torna imprescrit\u00edveis os crimes ambientais decorrentes da atividade de lavra mineral. O\u00a0<a href=\"https:\/\/www25.senado.leg.br\/web\/atividade\/materias\/-\/materia\/135181\">PL 643\/2019<\/a>, do senador Veneziano Vital do R\u00eago (PSB), ser\u00e1 analisado na forma de substitutivo do relator, senador Randolfe Rodrigues (Rede-AP).<\/p>\n<p>O projeto modifica a Lei de Crimes Ambientais (<a href=\"http:\/\/www.planalto.gov.br\/ccivil_03\/leis\/l9605.htm\">Lei 9.605, de 1998<\/a>) para incluir a imprescritibilidade. Al\u00e9m disso, multas aplicadas por consequ\u00eancia desses crimes n\u00e3o poder\u00e3o ser parceladas. Outra medida adicionada \u00e9 que as empresas condenadas em processos ambientais n\u00e3o poder\u00e3o participar de programas de refinanciamento de d\u00edvidas.<\/p>\n<p>Em outro dispositivo, o projeto modifica o C\u00f3digo de Minera\u00e7\u00e3o (<a href=\"http:\/\/www.planalto.gov.br\/ccivil_03\/decreto-lei\/del0227.htm\">Decreto-Lei 227, de 1967<\/a>) para impor novas exig\u00eancias ao in\u00edcio de atividades de extra\u00e7\u00e3o mineral. O plano de aproveitamento econ\u00f4mico da jazida dever\u00e1 conter projetos de seguran\u00e7a das instala\u00e7\u00f5es, de seguran\u00e7a, sa\u00fade e higiene dos trabalhadores e de prote\u00e7\u00e3o e preserva\u00e7\u00e3o ambiental. A aus\u00eancia desses documentos implicar\u00e1 em recusa de autoriza\u00e7\u00e3o para a opera\u00e7\u00e3o.<\/p>\n<p>Ap\u00f3s o in\u00edcio da extra\u00e7\u00e3o, a jazida dever\u00e1 ser fiscalizada anualmente, sobre esses mesmos crit\u00e9rios, por uma auditoria independente. Em caso de irregularidades, a empresa ter\u00e1 30 dias para corrigir a situa\u00e7\u00e3o ou ter\u00e1 as atividades suspensas.<\/p>\n<p>A CMA \u00e9 a \u00fanica comiss\u00e3o encarregada de analisar o PL 643, mas requerimento do senador Zequinha Marinho (PSC-PA) pode lev\u00e1-lo tamb\u00e9m para a Comiss\u00e3o de Desenvolvimento Regional e Turismo (CDR).<\/p>\n<h3><strong>Cota ambiental<\/strong><\/h3>\n<p>A\u00a0<a href=\"http:\/\/legis.senado.leg.br\/comissoes\/reuniao?2&amp;reuniao=8655&amp;codcol=50\">pauta completa<\/a>\u00a0da CMA tem seis projetos de lei. Entre eles est\u00e1 o\u00a0<a href=\"https:\/\/www25.senado.leg.br\/web\/atividade\/materias\/-\/materia\/133385\">PLS 251\/2018<\/a>, que retira a exig\u00eancia de averba\u00e7\u00e3o da cota de reserva ambiental na matr\u00edcula do im\u00f3vel. Essas cotas representam \u00e1reas &#8220;excedentes&#8221; de vegeta\u00e7\u00e3o nativa em uma propriedade, superiores ao percentual m\u00ednimo de preserva\u00e7\u00e3o, que podem ser usadas para compensar a falta de reserva legal em outra.<\/p>\n<p>De acordo com o autor da proposta, senador Wellington Fagundes (PL-MT), a exig\u00eancia de averba\u00e7\u00e3o da cota de reserva ambiental na matr\u00edcula do im\u00f3vel n\u00e3o \u00e9 condizente com o tratamento simplificado que o C\u00f3digo Florestal (<a href=\"http:\/\/www.planalto.gov.br\/ccivil_03\/_ato2011-2014\/2012\/lei\/l12651.htm\">Lei 12.651, de 2012<\/a>) estabeleceu para a reserva legal, cujo registro passou a ser feito apenas no Cadastro Ambiental Rural (CAR).<\/p>\n<p>Fonte: Ag\u00eancia Senado<\/p>\n","protected":false},"excerpt":{"rendered":"<p>A Comiss\u00e3o de Meio Ambiente (CMA) se re\u00fane na pr\u00f3xima quarta-feira (12), a partir das 14h, e pode votar o projeto de lei que torna imprescrit\u00edveis os crimes ambientais decorrentes da atividade de lavra mineral. O\u00a0PL 643\/2019, do senador Veneziano Vital do R\u00eago (PSB), ser\u00e1 analisado na forma de substitutivo do relator, senador Randolfe Rodrigues [&hellip;]<\/p>\n","protected":false},"author":96,"featured_media":141728,"comment_status":"closed","ping_status":"closed","sticky":false,"template":"","format":"standard","meta":{"footnotes":""},"categories":[436,254,439],"tags":[],"class_list":["post-141726","post","type-post","status-publish","format-standard","has-post-thumbnail","hentry","category-destaque-da-semana","category-politica","category-ultima-hora"],"_links":{"self":[{"href":"https:\/\/diarioregionaldigital.com.br\/index.php?rest_route=\/wp\/v2\/posts\/141726","targetHints":{"allow":["GET"]}}],"collection":[{"href":"https:\/\/diarioregionaldigital.com.br\/index.php?rest_route=\/wp\/v2\/posts"}],"about":[{"href":"https:\/\/diarioregionaldigital.com.br\/index.php?rest_route=\/wp\/v2\/types\/post"}],"author":[{"embeddable":true,"href":"https:\/\/diarioregionaldigital.com.br\/index.php?rest_route=\/wp\/v2\/users\/96"}],"replies":[{"embeddable":true,"href":"https:\/\/diarioregionaldigital.com.br\/index.php?rest_route=%2Fwp%2Fv2%2Fcomments&post=141726"}],"version-history":[{"count":0,"href":"https:\/\/diarioregionaldigital.com.br\/index.php?rest_route=\/wp\/v2\/posts\/141726\/revisions"}],"wp:featuredmedia":[{"embeddable":true,"href":"https:\/\/diarioregionaldigital.com.br\/index.php?rest_route=\/wp\/v2\/media\/141728"}],"wp:attachment":[{"href":"https:\/\/diarioregionaldigital.com.br\/index.php?rest_route=%2Fwp%2Fv2%2Fmedia&parent=141726"}],"wp:term":[{"taxonomy":"category","embeddable":true,"href":"https:\/\/diarioregionaldigital.com.br\/index.php?rest_route=%2Fwp%2Fv2%2Fcategories&post=141726"},{"taxonomy":"post_tag","embeddable":true,"href":"https:\/\/diarioregionaldigital.com.br\/index.php?rest_route=%2Fwp%2Fv2%2Ftags&post=141726"}],"curies":[{"name":"wp","href":"https:\/\/api.w.org\/{rel}","templated":true}]}}