{"id":141724,"date":"2019-06-08T18:07:56","date_gmt":"2019-06-08T21:07:56","guid":{"rendered":"https:\/\/diarioregionaldigital.com.br\/?p=141724"},"modified":"2019-06-08T18:07:56","modified_gmt":"2019-06-08T21:07:56","slug":"cdh-debate-seguranca-de-fundos-de-pensao","status":"publish","type":"post","link":"https:\/\/diarioregionaldigital.com.br\/?p=141724","title":{"rendered":"CDH debate seguran\u00e7a de fundos de pens\u00e3o"},"content":{"rendered":"<p>A Comiss\u00e3o de Direitos Humanos e Legisla\u00e7\u00e3o Participativa (CDH) promove audi\u00eancia p\u00fablica na pr\u00f3xima quarta-feira (12), a partir das 14h, para debater irregularidades nos fundos de pens\u00e3o de empresas estatais, bem como a transpar\u00eancia e a efetividade na sua gest\u00e3o. O evento foi sugerido pelo senador Alessandro Vieira (Cidadania-SE).<\/p>\n<p>Entre os convidados est\u00e1 o procurador da Rep\u00fablica Anselmo Henrique Cordeiro Lopes, representante da Opera\u00e7\u00e3o Greenfield, que investiga desvios nos fundos de pens\u00e3o. Tamb\u00e9m est\u00e1 confirmada a presen\u00e7a de Claudia Muinhos Ricaldoni, diretora da Associa\u00e7\u00e3o Nacional dos Participantes de Fundos de Pens\u00e3o (Anapar).<\/p>\n<p>Estar\u00e3o presentes representantes dos servidores benefici\u00e1rios de fundos de pens\u00e3o estatais: Paulo Brand\u00e3o, conselheiro fiscal da Petros (fundo da Petrobras) e presidente da Associa\u00e7\u00e3o Nacional dos Participantes da Petros (Apape); Antonio Augusto de Miranda e Souza, diretor de administra\u00e7\u00e3o da Funda\u00e7\u00e3o Caixa Econ\u00f4mica Federal (Funcef); Marcel Juviniano Barros, diretor de seguridade da Caixa de Previd\u00eancia dos Funcion\u00e1rios do Banco do Brasil (Previ); e Giocoeli Terezinha de \u00c1vila Reis, aposentada da Caixa Econ\u00f4mica Federal e ativista em defesa dos participantes da Funcef.<\/p>\n<p>A audi\u00eancia acontecer\u00e1 no plen\u00e1rio 6 da Ala Senador Nilo Coelho, e ser\u00e1 interativa. Os cidad\u00e3os interessados poder\u00e3o participar com perguntas e coment\u00e1rios pelo Portal\u00a0<a href=\"https:\/\/www12.senado.leg.br\/ecidadania\/visualizacaoaudiencia?id=15996\">e-Cidadania<\/a>\u00a0ou pelo telefone\u00a0<a class=\"external-link\" href=\"http:\/\/www12.senado.leg.br\/institucional\/falecomosenado\">Al\u00f4 Senado<\/a>\u00a0(0800-612211).<\/p>\n<p>Fonte: Ag\u00eancia Senado<\/p>\n","protected":false},"excerpt":{"rendered":"<p>A Comiss\u00e3o de Direitos Humanos e Legisla\u00e7\u00e3o Participativa (CDH) promove audi\u00eancia p\u00fablica na pr\u00f3xima quarta-feira (12), a partir das 14h, para debater irregularidades nos fundos de pens\u00e3o de empresas estatais, bem como a transpar\u00eancia e a efetividade na sua gest\u00e3o. O evento foi sugerido pelo senador Alessandro Vieira (Cidadania-SE). Entre os convidados est\u00e1 o procurador [&hellip;]<\/p>\n","protected":false},"author":96,"featured_media":141725,"comment_status":"closed","ping_status":"closed","sticky":false,"template":"","format":"standard","meta":{"footnotes":""},"categories":[436,254,439],"tags":[],"class_list":["post-141724","post","type-post","status-publish","format-standard","has-post-thumbnail","hentry","category-destaque-da-semana","category-politica","category-ultima-hora"],"_links":{"self":[{"href":"https:\/\/diarioregionaldigital.com.br\/index.php?rest_route=\/wp\/v2\/posts\/141724","targetHints":{"allow":["GET"]}}],"collection":[{"href":"https:\/\/diarioregionaldigital.com.br\/index.php?rest_route=\/wp\/v2\/posts"}],"about":[{"href":"https:\/\/diarioregionaldigital.com.br\/index.php?rest_route=\/wp\/v2\/types\/post"}],"author":[{"embeddable":true,"href":"https:\/\/diarioregionaldigital.com.br\/index.php?rest_route=\/wp\/v2\/users\/96"}],"replies":[{"embeddable":true,"href":"https:\/\/diarioregionaldigital.com.br\/index.php?rest_route=%2Fwp%2Fv2%2Fcomments&post=141724"}],"version-history":[{"count":0,"href":"https:\/\/diarioregionaldigital.com.br\/index.php?rest_route=\/wp\/v2\/posts\/141724\/revisions"}],"wp:featuredmedia":[{"embeddable":true,"href":"https:\/\/diarioregionaldigital.com.br\/index.php?rest_route=\/wp\/v2\/media\/141725"}],"wp:attachment":[{"href":"https:\/\/diarioregionaldigital.com.br\/index.php?rest_route=%2Fwp%2Fv2%2Fmedia&parent=141724"}],"wp:term":[{"taxonomy":"category","embeddable":true,"href":"https:\/\/diarioregionaldigital.com.br\/index.php?rest_route=%2Fwp%2Fv2%2Fcategories&post=141724"},{"taxonomy":"post_tag","embeddable":true,"href":"https:\/\/diarioregionaldigital.com.br\/index.php?rest_route=%2Fwp%2Fv2%2Ftags&post=141724"}],"curies":[{"name":"wp","href":"https:\/\/api.w.org\/{rel}","templated":true}]}}