{"id":141720,"date":"2019-06-08T16:06:27","date_gmt":"2019-06-08T19:06:27","guid":{"rendered":"https:\/\/diarioregionaldigital.com.br\/?p=141720"},"modified":"2019-06-08T16:08:25","modified_gmt":"2019-06-08T19:08:25","slug":"contusao-deixa-marta-de-fora-da-estreia-do-brasil-na-copa-da-franca","status":"publish","type":"post","link":"https:\/\/diarioregionaldigital.com.br\/?p=141720","title":{"rendered":"Contus\u00e3o deixa Marta de fora da estreia do Brasil na Copa da Fran\u00e7a"},"content":{"rendered":"<p><span style=\"font-size: 12pt;\">A atacante Marta n\u00e3o jogar\u00e1 na estreia da Sele\u00e7\u00e3o Brasileira na Copa do Mundo feminina de futebol contra a Jamaica. Ela se recupera de uma les\u00e3o na coxa esquerda e ainda n\u00e3o tem condi\u00e7\u00f5es de atuar. O jogo ser\u00e1 neste domingo (9), \u00e0s 10h30 (hor\u00e1rio de Bras\u00edlia), em Grenoble, na Fran\u00e7a.<\/span><\/p>\n<div class=\"SandboxRoot env-bp-350\" data-twitter-event-id=\"0\">\n<div id=\"twitter-widget-0\" class=\"EmbeddedTweet EmbeddedTweet--cta EmbeddedTweet--mediaForward media-forward js-clickToOpenTarget js-tweetIdInfo tweet-InformationCircle-widgetParent\" lang=\"pt\" data-click-to-open-target=\"https:\/\/twitter.com\/FIFAWWC_BRA\/status\/1137346200720551938\" data-iframe-title=\"Tweet do Twitter\" data-scribe=\"page:tweet\" data-tweet-id=\"1137346200720551938\" data-twitter-event-id=\"1\">\n<article class=\"MediaCard MediaCard--mediaForward customisable-border\" dir=\"ltr\" data-scribe=\"component:card\">\n<div class=\"MediaCard-media\" data-scribe=\"element:photo\">\n<blockquote class=\"twitter-tweet\" data-width=\"550\" data-dnt=\"true\">\n<p lang=\"pt\" dir=\"ltr\">Vad\u00e3o confirma que Marta est\u00e1 fora da partida de estreia <a href=\"https:\/\/twitter.com\/FIFAWWC?ref_src=twsrc%5Etfw\">@FIFAWWC<\/a> <a href=\"https:\/\/twitter.com\/hashtag\/BRA?src=hash&amp;ref_src=twsrc%5Etfw\">#BRA<\/a> <\/p>\n<p>Siga nosso Live Blog: <a href=\"https:\/\/t.co\/VrAJmpSgSO\">https:\/\/t.co\/VrAJmpSgSO<\/a> <a href=\"https:\/\/t.co\/ilKjPgDinn\">pic.twitter.com\/ilKjPgDinn<\/a><\/p>\n<p>&mdash; Giancarlo Giampietro, FIFA (@FIFAWWC_BRA) <a href=\"https:\/\/twitter.com\/FIFAWWC_BRA\/status\/1137346200720551938?ref_src=twsrc%5Etfw\">June 8, 2019<\/a><\/p><\/blockquote>\n<p><script async src=\"https:\/\/platform.twitter.com\/widgets.js\" charset=\"utf-8\"><\/script><\/p>\n<\/div>\n<\/article>\n<\/div>\n<\/div>\n<p><span style=\"font-size: 12pt;\">A informa\u00e7\u00e3o foi confirmada hoje (8) pelo t\u00e9cnico Vad\u00e3o (Oswaldo Fumeiro Alvarez). \u201cEla est\u00e1 se recuperando melhor do que o esperado, mas ela n\u00e3o pode come\u00e7ar jogando. Talvez ela fique no banco, mas nosso plano \u00e9 que ela n\u00e3o participe da partida\u201d, disse em entrevista coletiva.<\/span><\/p>\n<div class=\"dnd-widget-wrapper context-cheio_8colunas type-image\">\n<div class=\"dnd-atom-rendered\"><span style=\"font-size: 12pt;\">A jogadora de 33 anos, vencedora seis vezes do pr\u00eamio de melhor do mundo da Fifa, se machucou, em maio, durante a prepara\u00e7\u00e3o da equipe para o Mundial. Nos \u00faltimos dias, Marta n\u00e3o participou dos treinos com o restante do grupo e realizou apenas atividades f\u00edsicas.<\/span><br \/>\n<span style=\"font-size: 12pt;\">\u00a0<\/span><br \/>\n<span style=\"font-size: 12pt;\">Sem Marta, o ataque do Brasil na estreia ser\u00e1 formado por Cristiane e Bia Zaneratto. O Brasil est\u00e1 no Grupo C do torneio, ao lado de Jamaica, Austr\u00e1lia e It\u00e1lia.<\/span><br \/>\n<span style=\"font-size: 12pt;\">\u00a0<\/span><\/div>\n<\/div>\n<p>Fonte: Ag\u00eancia Brasil<\/p>\n","protected":false},"excerpt":{"rendered":"<p>A atacante Marta n\u00e3o jogar\u00e1 na estreia da Sele\u00e7\u00e3o Brasileira na Copa do Mundo feminina de futebol contra a Jamaica. Ela se recupera de uma les\u00e3o na coxa esquerda e ainda n\u00e3o tem condi\u00e7\u00f5es de atuar. O jogo ser\u00e1 neste domingo (9), \u00e0s 10h30 (hor\u00e1rio de Bras\u00edlia), em Grenoble, na Fran\u00e7a. Vad\u00e3o confirma que Marta [&hellip;]<\/p>\n","protected":false},"author":96,"featured_media":141721,"comment_status":"closed","ping_status":"closed","sticky":false,"template":"","format":"standard","meta":{"footnotes":""},"categories":[436,440,257,439],"tags":[],"class_list":["post-141720","post","type-post","status-publish","format-standard","has-post-thumbnail","hentry","category-destaque-da-semana","category-destaques-do-dia","category-esporte","category-ultima-hora"],"_links":{"self":[{"href":"https:\/\/diarioregionaldigital.com.br\/index.php?rest_route=\/wp\/v2\/posts\/141720","targetHints":{"allow":["GET"]}}],"collection":[{"href":"https:\/\/diarioregionaldigital.com.br\/index.php?rest_route=\/wp\/v2\/posts"}],"about":[{"href":"https:\/\/diarioregionaldigital.com.br\/index.php?rest_route=\/wp\/v2\/types\/post"}],"author":[{"embeddable":true,"href":"https:\/\/diarioregionaldigital.com.br\/index.php?rest_route=\/wp\/v2\/users\/96"}],"replies":[{"embeddable":true,"href":"https:\/\/diarioregionaldigital.com.br\/index.php?rest_route=%2Fwp%2Fv2%2Fcomments&post=141720"}],"version-history":[{"count":0,"href":"https:\/\/diarioregionaldigital.com.br\/index.php?rest_route=\/wp\/v2\/posts\/141720\/revisions"}],"wp:featuredmedia":[{"embeddable":true,"href":"https:\/\/diarioregionaldigital.com.br\/index.php?rest_route=\/wp\/v2\/media\/141721"}],"wp:attachment":[{"href":"https:\/\/diarioregionaldigital.com.br\/index.php?rest_route=%2Fwp%2Fv2%2Fmedia&parent=141720"}],"wp:term":[{"taxonomy":"category","embeddable":true,"href":"https:\/\/diarioregionaldigital.com.br\/index.php?rest_route=%2Fwp%2Fv2%2Fcategories&post=141720"},{"taxonomy":"post_tag","embeddable":true,"href":"https:\/\/diarioregionaldigital.com.br\/index.php?rest_route=%2Fwp%2Fv2%2Ftags&post=141720"}],"curies":[{"name":"wp","href":"https:\/\/api.w.org\/{rel}","templated":true}]}}