{"id":141716,"date":"2019-06-08T16:02:30","date_gmt":"2019-06-08T19:02:30","guid":{"rendered":"https:\/\/diarioregionaldigital.com.br\/?p=141716"},"modified":"2019-06-08T16:02:30","modified_gmt":"2019-06-08T19:02:30","slug":"trump-suspende-tarifas-apos-acordo-com-mexico-para-conter-migracao","status":"publish","type":"post","link":"https:\/\/diarioregionaldigital.com.br\/?p=141716","title":{"rendered":"Trump suspende tarifas ap\u00f3s acordo com M\u00e9xico para conter migra\u00e7\u00e3o"},"content":{"rendered":"<p>O presidente dos Estados Unidos, Donald Trump, anunciou na noite desta sexta-feira (7) que decidiu suspender a imposi\u00e7\u00e3o de tarifas sobre as importa\u00e7\u00f5es do M\u00e9xico, ap\u00f3s ter chegado a um acordo com o governo mexicano para reduzir o fluxo migrat\u00f3rio na fronteira.<\/p>\n<p>&#8220;As tarifas programadas para entrar em vigor na segunda-feira (10) contra o M\u00e9xico ficam suspensas indefinidamente. Em troca, o M\u00e9xico aceitou tomar medidas firmes para deter a mar\u00e9 migrat\u00f3ria em dire\u00e7\u00e3o \u00e0 nossa fronteira sul&#8221;, disse Trump no Twitter.<\/p>\n<p>O l\u00edder americano havia anunciado a aplica\u00e7\u00e3o de uma tarifa de 5% sobre a importa\u00e7\u00e3o de todos os produtos procedentes do M\u00e9xico.<\/p>\n<p>As taxas entrariam em vigor na pr\u00f3xima segunda-feira, sendo reajustadas at\u00e9 chegarem a 25% em outubro se o pa\u00eds vizinho n\u00e3o tomasse medidas para conter o fluxo migrat\u00f3rio vindo da Am\u00e9rica Central.<\/p>\n<h2>Acordo entre os pa\u00edses<\/h2>\n<p>Diante da amea\u00e7a, o ministro das Rela\u00e7\u00f5es Exteriores do M\u00e9xico, Marcelo Ebrard, e outras autoridades do pa\u00eds viajaram a Washington, onde conseguiram costurar um acordo ap\u00f3s tr\u00eas dias de intensas negocia\u00e7\u00f5es no Departamento de Estado americano.<\/p>\n<p>Sob o pacto, o M\u00e9xico concordou em acolher migrantes que cruzarem a fronteira entre os dois pa\u00edses de forma irregular \u2013 a maioria centro-americanos de na\u00e7\u00f5es como Guatemala, Honduras e El Salvador \u2013 enquanto os Estados Unidos processam pedidos de ref\u00fagio.<\/p>\n<p>&#8220;Aqueles que cruzarem a fronteira sul dos Estados Unidos para pedir asilo ser\u00e3o rapidamente devolvidos ao M\u00e9xico, onde poder\u00e3o esperar a resolu\u00e7\u00e3o de seus pedidos&#8221;, afirmaram os governos mexicano e americano em comunicado.<\/p>\n<p>&#8220;O M\u00e9xico autorizar\u00e1 a entrada de todas essas pessoas por raz\u00f5es humanit\u00e1rias, em cumprimento de suas obriga\u00e7\u00f5es internacionais, enquanto aguarda a resolu\u00e7\u00e3o de pedidos de ref\u00fagio. O M\u00e9xico tamb\u00e9m lhes oferecer\u00e1 emprego, sa\u00fade e educa\u00e7\u00e3o de acordo com seus princ\u00edpios&#8221; afirmou o governo.<\/p>\n<p>Por outro lado, o governo mexicano conseguiu evitar uma proposta que vinha rejeitando continuamente: a de processar solicita\u00e7\u00f5es de ref\u00fagio em seu pr\u00f3prio territ\u00f3rio antes que os migrantes tentem chegar aos Estados Unidos.<\/p>\n<p>O pa\u00eds se comprometeu, contudo, a &#8220;tomar medidas sem precedentes para impedir a imigra\u00e7\u00e3o irregular&#8221; e &#8220;para desmantelar as organiza\u00e7\u00f5es de tr\u00e1fico de pessoas e suas redes il\u00edcitas de financiamento e transporte&#8221;.<\/p>\n<h2>Tempo de espera<\/h2>\n<p>Os governos dos dois pa\u00edses tamb\u00e9m concordaram em adotar &#8220;medidas adicionais&#8221; caso as estipuladas agora &#8220;n\u00e3o apresentem os resultados esperados&#8221; nos pr\u00f3ximos 90 dias.<\/p>\n<p>O presidente mexicano, Andr\u00e9s Manuel L\u00f3pez Obrador, que havia anunciado uma viagem \u00e0 cidade de Tijuana, na fronteira com os Estados Unidos, para &#8220;defender a dignidade do M\u00e9xico&#8221; antes das tarifas americanas, disse que sua visita ser\u00e1 agora para &#8220;celebrar&#8221;.<\/p>\n<p>&#8220;Gra\u00e7as ao apoio de todos os mexicanos fomos capazes de evitar tarifas sobre os produtos mexicanos exportados para os Estados Unidos&#8221;, escreveu no Twitter o presidente esquerdista, que, desde sua elei\u00e7\u00e3o no ano passado, vem tentando cautelosamente n\u00e3o contrariar Trump.<\/p>\n<p>Na quinta-feira, o M\u00e9xico j\u00e1 havia anunciado a mobiliza\u00e7\u00e3o de seis mil membros da Guarda Nacional para a fronteira com a Guatemala a fim de conter o fluxo de migrantes centro-americanos.<\/p>\n<p>O secret\u00e1rio de Estado americano, Mike Pompeo, agradeceu ao M\u00e9xico e ao ministro das Rela\u00e7\u00f5es Exteriores do pa\u00eds pelo &#8220;trabalho duro&#8221; durante os tr\u00eas dias de negocia\u00e7\u00f5es do acordo.<\/p>\n<p>&#8220;Os Estados Unidos esperam trabalhar em conjunto com o M\u00e9xico para cumprir esses compromissos, para que possamos conter a onda de migra\u00e7\u00e3o ilegal na nossa fronteira sul e para tornar a nossa fronteira forte e segura&#8221;, disse Pompeo.<\/p>\n<h2>Fluxo de migrantes<\/h2>\n<p>Segundo o governo mexicano, 300 mil migrantes j\u00e1 chegaram ao pa\u00eds a partir da Guatemala desde o in\u00edcio do ano, e 51 mil deles foram detidos, o que representa um aumento de 17% em rela\u00e7\u00e3o ao mesmo per\u00edodo de 2018.<\/p>\n<p>J\u00e1 na fronteira entre o M\u00e9xico e os Estados Unidos, as autoridades americanas detiveram mais de 132 mil migrantes somente em maio, um crescimento de 30% em rela\u00e7\u00e3o a abril e o maior n\u00famero registrado em um \u00fanico m\u00eas desde 2006.<\/p>\n<p>Trump acusa o M\u00e9xico de tomar pouca ou nenhuma atitude para travar esses migrantes, que t\u00eam se movido em grandes grupos pelo pa\u00eds rumo aos Estados Unidos. Por isso, amea\u00e7ou retaliar com tarifas sobre produtos importados.<\/p>\n<p>O M\u00e9xico exporta 350 bilh\u00f5es de d\u00f3lares em mercadorias todos os anos para os Estados Unidos. Analistas previam que as taxas de Trump poderiam colapsar a economia mexicana, que entraria em risco de recess\u00e3o.<\/p>\n<p>Mas a imposi\u00e7\u00e3o de tarifas tamb\u00e9m encontrou forte oposi\u00e7\u00e3o nos Estados Unidos, por parte de pol\u00edticos do pr\u00f3prio Partido Republicano de Trump, em especial parlamentares de estados onde a agricultura \u00e9 relevante. Eles temiam perder seu segundo maior mercado internacional.<\/p>\n<p>Fonte: Ag\u00eancia Brasil<\/p>\n","protected":false},"excerpt":{"rendered":"<p>O presidente dos Estados Unidos, Donald Trump, anunciou na noite desta sexta-feira (7) que decidiu suspender a imposi\u00e7\u00e3o de tarifas sobre as importa\u00e7\u00f5es do M\u00e9xico, ap\u00f3s ter chegado a um acordo com o governo mexicano para reduzir o fluxo migrat\u00f3rio na fronteira. &#8220;As tarifas programadas para entrar em vigor na segunda-feira (10) contra o M\u00e9xico [&hellip;]<\/p>\n","protected":false},"author":96,"featured_media":141717,"comment_status":"closed","ping_status":"closed","sticky":false,"template":"","format":"standard","meta":{"footnotes":""},"categories":[302,436,439],"tags":[],"class_list":["post-141716","post","type-post","status-publish","format-standard","has-post-thumbnail","hentry","category-brasil-mundo","category-destaque-da-semana","category-ultima-hora"],"_links":{"self":[{"href":"https:\/\/diarioregionaldigital.com.br\/index.php?rest_route=\/wp\/v2\/posts\/141716","targetHints":{"allow":["GET"]}}],"collection":[{"href":"https:\/\/diarioregionaldigital.com.br\/index.php?rest_route=\/wp\/v2\/posts"}],"about":[{"href":"https:\/\/diarioregionaldigital.com.br\/index.php?rest_route=\/wp\/v2\/types\/post"}],"author":[{"embeddable":true,"href":"https:\/\/diarioregionaldigital.com.br\/index.php?rest_route=\/wp\/v2\/users\/96"}],"replies":[{"embeddable":true,"href":"https:\/\/diarioregionaldigital.com.br\/index.php?rest_route=%2Fwp%2Fv2%2Fcomments&post=141716"}],"version-history":[{"count":0,"href":"https:\/\/diarioregionaldigital.com.br\/index.php?rest_route=\/wp\/v2\/posts\/141716\/revisions"}],"wp:featuredmedia":[{"embeddable":true,"href":"https:\/\/diarioregionaldigital.com.br\/index.php?rest_route=\/wp\/v2\/media\/141717"}],"wp:attachment":[{"href":"https:\/\/diarioregionaldigital.com.br\/index.php?rest_route=%2Fwp%2Fv2%2Fmedia&parent=141716"}],"wp:term":[{"taxonomy":"category","embeddable":true,"href":"https:\/\/diarioregionaldigital.com.br\/index.php?rest_route=%2Fwp%2Fv2%2Fcategories&post=141716"},{"taxonomy":"post_tag","embeddable":true,"href":"https:\/\/diarioregionaldigital.com.br\/index.php?rest_route=%2Fwp%2Fv2%2Ftags&post=141716"}],"curies":[{"name":"wp","href":"https:\/\/api.w.org\/{rel}","templated":true}]}}