{"id":141712,"date":"2019-06-08T12:02:16","date_gmt":"2019-06-08T15:02:16","guid":{"rendered":"https:\/\/diarioregionaldigital.com.br\/?p=141712"},"modified":"2019-06-08T12:02:16","modified_gmt":"2019-06-08T15:02:16","slug":"mais-medicos-profissionais-ja-podem-indicar-municipios-de-atuacao","status":"publish","type":"post","link":"https:\/\/diarioregionaldigital.com.br\/?p=141712","title":{"rendered":"Mais M\u00e9dicos: profissionais j\u00e1 podem indicar munic\u00edpios de atua\u00e7\u00e3o"},"content":{"rendered":"<p>Os profissionais aptos a participar do Programa Mais M\u00e9dicos j\u00e1 podem indicar os munic\u00edpios onde t\u00eam interesse de trabalhar. De acordo com informa\u00e7\u00f5es divulgadas nesta sexta-feira (7) pelo Minist\u00e9rio da Sa\u00fade, os m\u00e9dicos t\u00eam at\u00e9 as 12h da pr\u00f3xima segunda-feira (10), para acessar o\u00a0<em><a href=\"http:\/\/maismedicos.gov.br\/\">site<\/a>\u00a0<\/em>do programa e fazer suas indica\u00e7\u00f5es.\u00a0S\u00e3o oferecidas 2.149 vagas em 1.130 munic\u00edpios com os maiores \u00edndices de vulnerabilidade social do pa\u00eds nos 26 estados da Federa\u00e7\u00e3o, exceto no Distrito Federal, al\u00e9m de 13 distritos sanit\u00e1rios especiais ind\u00edgenas (DSEIS).<\/p>\n<p>Conforme o minist\u00e9rio,a primeira fase do 18\u00ba ciclo do programa d\u00e1 prioridade \u00e0 participa\u00e7\u00e3o de profissionais formados e habilitados com registro em conselhos regionais de Medicina (CRM) de estados brasileiros. Para garantir a imparcialidade na escolha dos profissionais, tiveram prefer\u00eancia na classifica\u00e7\u00e3o m\u00e9dicos com perfil de atendimento para a aten\u00e7\u00e3o prim\u00e1ria, com t\u00edtulos de especialista ou resid\u00eancia m\u00e9dica em medicina da fam\u00edlia e comunidade.<\/p>\n<p>Caso sobrem vagas, ser\u00e3o oferecidas aos profissionais brasileiros formados em outros pa\u00edses e que j\u00e1 tenham habilita\u00e7\u00e3o para o exerc\u00edcio da medicina no exterior. A previs\u00e3o do Minist\u00e9rio da Sa\u00fade \u00e9 que os m\u00e9dicos comecem a atuar nas unidades de sa\u00fade em junho deste ano.<\/p>\n<p>Fonte: Ag\u00eancia Brasil<\/p>\n","protected":false},"excerpt":{"rendered":"<p>Os profissionais aptos a participar do Programa Mais M\u00e9dicos j\u00e1 podem indicar os munic\u00edpios onde t\u00eam interesse de trabalhar. De acordo com informa\u00e7\u00f5es divulgadas nesta sexta-feira (7) pelo Minist\u00e9rio da Sa\u00fade, os m\u00e9dicos t\u00eam at\u00e9 as 12h da pr\u00f3xima segunda-feira (10), para acessar o\u00a0site\u00a0do programa e fazer suas indica\u00e7\u00f5es.\u00a0S\u00e3o oferecidas 2.149 vagas em 1.130 munic\u00edpios [&hellip;]<\/p>\n","protected":false},"author":96,"featured_media":141713,"comment_status":"closed","ping_status":"closed","sticky":false,"template":"","format":"standard","meta":{"footnotes":""},"categories":[302,436,439],"tags":[],"class_list":["post-141712","post","type-post","status-publish","format-standard","has-post-thumbnail","hentry","category-brasil-mundo","category-destaque-da-semana","category-ultima-hora"],"_links":{"self":[{"href":"https:\/\/diarioregionaldigital.com.br\/index.php?rest_route=\/wp\/v2\/posts\/141712","targetHints":{"allow":["GET"]}}],"collection":[{"href":"https:\/\/diarioregionaldigital.com.br\/index.php?rest_route=\/wp\/v2\/posts"}],"about":[{"href":"https:\/\/diarioregionaldigital.com.br\/index.php?rest_route=\/wp\/v2\/types\/post"}],"author":[{"embeddable":true,"href":"https:\/\/diarioregionaldigital.com.br\/index.php?rest_route=\/wp\/v2\/users\/96"}],"replies":[{"embeddable":true,"href":"https:\/\/diarioregionaldigital.com.br\/index.php?rest_route=%2Fwp%2Fv2%2Fcomments&post=141712"}],"version-history":[{"count":0,"href":"https:\/\/diarioregionaldigital.com.br\/index.php?rest_route=\/wp\/v2\/posts\/141712\/revisions"}],"wp:featuredmedia":[{"embeddable":true,"href":"https:\/\/diarioregionaldigital.com.br\/index.php?rest_route=\/wp\/v2\/media\/141713"}],"wp:attachment":[{"href":"https:\/\/diarioregionaldigital.com.br\/index.php?rest_route=%2Fwp%2Fv2%2Fmedia&parent=141712"}],"wp:term":[{"taxonomy":"category","embeddable":true,"href":"https:\/\/diarioregionaldigital.com.br\/index.php?rest_route=%2Fwp%2Fv2%2Fcategories&post=141712"},{"taxonomy":"post_tag","embeddable":true,"href":"https:\/\/diarioregionaldigital.com.br\/index.php?rest_route=%2Fwp%2Fv2%2Ftags&post=141712"}],"curies":[{"name":"wp","href":"https:\/\/api.w.org\/{rel}","templated":true}]}}