{"id":141708,"date":"2019-06-08T12:00:24","date_gmt":"2019-06-08T15:00:24","guid":{"rendered":"https:\/\/diarioregionaldigital.com.br\/?p=141708"},"modified":"2019-06-08T12:00:24","modified_gmt":"2019-06-08T15:00:24","slug":"lesionada-erika-e-desconvocada-da-selecao-feminina-que-disputa-copa","status":"publish","type":"post","link":"https:\/\/diarioregionaldigital.com.br\/?p=141708","title":{"rendered":"Lesionada, \u00c9rika \u00e9 desconvocada da sele\u00e7\u00e3o feminina que disputa Copa"},"content":{"rendered":"<p>Ap\u00f3s o treino da sele\u00e7\u00e3o feminina de futebol nesta sexta-feira (7), a zagueira \u00c9rica voltou a sentir dores na perna esquerda e foi desconvocada. Ap\u00f3s ser examinada, foi diagnosticado uma les\u00e3o do m\u00fasculo s\u00f3leo, mas n\u00e3o havia tempo h\u00e1bil a atleta se recuperar a tempo para disputar a Copa do Mundo de Futebol Feminino.<\/p>\n<p>O t\u00e9cnico Vad\u00e3o convocou a zagueira Daiane, do Paris Saint-Germain, para a disputa do Mundial. A defensora deve se apresentar em Grenoble, na Fran\u00e7a, neste s\u00e1bado (8).<\/p>\n<p>Em comunicado no site da Confedera\u00e7\u00e3o Brasileira de Futebol (CBF), a comiss\u00e3o t\u00e9cnica da sele\u00e7\u00e3o informou que lamenta a les\u00e3o de \u00c9rika e reconhece seu empenho e esfor\u00e7o para defender a camisa do Brasil.<\/p>\n<p>Fonte: Ag\u00eancia Brasil<\/p>\n","protected":false},"excerpt":{"rendered":"<p>Ap\u00f3s o treino da sele\u00e7\u00e3o feminina de futebol nesta sexta-feira (7), a zagueira \u00c9rica voltou a sentir dores na perna esquerda e foi desconvocada. Ap\u00f3s ser examinada, foi diagnosticado uma les\u00e3o do m\u00fasculo s\u00f3leo, mas n\u00e3o havia tempo h\u00e1bil a atleta se recuperar a tempo para disputar a Copa do Mundo de Futebol Feminino. O [&hellip;]<\/p>\n","protected":false},"author":96,"featured_media":141709,"comment_status":"closed","ping_status":"closed","sticky":false,"template":"","format":"standard","meta":{"footnotes":""},"categories":[436,257,439],"tags":[],"class_list":["post-141708","post","type-post","status-publish","format-standard","has-post-thumbnail","hentry","category-destaque-da-semana","category-esporte","category-ultima-hora"],"_links":{"self":[{"href":"https:\/\/diarioregionaldigital.com.br\/index.php?rest_route=\/wp\/v2\/posts\/141708","targetHints":{"allow":["GET"]}}],"collection":[{"href":"https:\/\/diarioregionaldigital.com.br\/index.php?rest_route=\/wp\/v2\/posts"}],"about":[{"href":"https:\/\/diarioregionaldigital.com.br\/index.php?rest_route=\/wp\/v2\/types\/post"}],"author":[{"embeddable":true,"href":"https:\/\/diarioregionaldigital.com.br\/index.php?rest_route=\/wp\/v2\/users\/96"}],"replies":[{"embeddable":true,"href":"https:\/\/diarioregionaldigital.com.br\/index.php?rest_route=%2Fwp%2Fv2%2Fcomments&post=141708"}],"version-history":[{"count":0,"href":"https:\/\/diarioregionaldigital.com.br\/index.php?rest_route=\/wp\/v2\/posts\/141708\/revisions"}],"wp:featuredmedia":[{"embeddable":true,"href":"https:\/\/diarioregionaldigital.com.br\/index.php?rest_route=\/wp\/v2\/media\/141709"}],"wp:attachment":[{"href":"https:\/\/diarioregionaldigital.com.br\/index.php?rest_route=%2Fwp%2Fv2%2Fmedia&parent=141708"}],"wp:term":[{"taxonomy":"category","embeddable":true,"href":"https:\/\/diarioregionaldigital.com.br\/index.php?rest_route=%2Fwp%2Fv2%2Fcategories&post=141708"},{"taxonomy":"post_tag","embeddable":true,"href":"https:\/\/diarioregionaldigital.com.br\/index.php?rest_route=%2Fwp%2Fv2%2Ftags&post=141708"}],"curies":[{"name":"wp","href":"https:\/\/api.w.org\/{rel}","templated":true}]}}