{"id":141685,"date":"2019-06-09T06:00:17","date_gmt":"2019-06-09T09:00:17","guid":{"rendered":"https:\/\/diarioregionaldigital.com.br\/?p=141685"},"modified":"2019-06-07T21:41:04","modified_gmt":"2019-06-08T00:41:04","slug":"15-anos","status":"publish","type":"post","link":"https:\/\/diarioregionaldigital.com.br\/?p=141685","title":{"rendered":"15 Anos"},"content":{"rendered":"<p style=\"text-align: center;\"><strong>Gente Boa<\/strong><\/p>\n<p style=\"text-align: center;\">Gestos de solidariedade emocionam a equipe desta coluna social on-line. O exemplo de Leonardo Miguel e Naiara Alves, representantes do Espa\u00e7o \u00c1gua Academia, entregando \u00e0 Ascomcer 130 litros de leite e pacotes de fralda, arrecadados na inscri\u00e7\u00e3o solid\u00e1ria do festival de Nata\u00e7\u00e3o, deveria ser seguido por todos.<\/p>\n<p style=\"text-align: center;\"><strong>Sucesso Total<\/strong><\/p>\n<p style=\"text-align: center;\">Merecidamente o Hospital Evandro Ribeiro de Oliveira conquistou a certifica\u00e7\u00e3o pela ONA. Refer\u00eancia em ouvido, nariz e garganta, agora tamb\u00e9m \u00e9 o primeiro especializado da regi\u00e3o. Aplausos.<\/p>\n<p style=\"text-align: center;\"><strong>Flores Mil<\/strong><\/p>\n<p style=\"text-align: center;\">A Pra\u00e7a da Esta\u00e7\u00e3o est\u00e1 toda florida com mais uma edi\u00e7\u00e3o da Feira de Holambra. At\u00e9 o dia 16, o p\u00fablico ter\u00e1 a sua disposi\u00e7\u00e3o mais de 150 esp\u00e9cies de flores, plantas ornamentais, frut\u00edferas e ervas arom\u00e1ticas. Em destaque, as plantas carn\u00edvoras e sua beleza ex\u00f3tica.<\/p>\n<p style=\"text-align: center;\"><strong>Chique e Talentosas<\/strong><\/p>\n<p style=\"text-align: center;\">M\u00e9dicas de Juiz de Fora e refer\u00eancia em dermatologia, Cristina Mansur, Lucia Lana e Neide Loures participaram do Gain 2019 \u2013 encontro cient\u00edfico para m\u00e9dicos brasileiros com foco na \u00e1rea de preenchimento, toxina e bioestimula\u00e7\u00e3o facial e corporal, realizado em Nova York.<\/p>\n<p style=\"text-align: center;\"><span style=\"font-size: 14pt;\"><strong>15 Anos<\/strong><\/span><\/p>\n<p style=\"text-align: center;\">Usando o bonito espa\u00e7o do Renata Gourmet no Jardim da Serra, Renata Benini e Alexsandro Assad receberam para bonita festa de 15 anos da filha Ana Luisa e os muitos anos, de casados. A ambienta\u00e7\u00e3o simples e elegante fez contraponto para a fartura de salgadinhos e mesa com iguarias de inverno, docinhos e bolo deliciosos, bebidas finas e a boa m\u00fasica do DJ Fasseheber. As fotos de Marc\u00edlio Gomes registram.<\/p>\n<div id=\"attachment_141672\" style=\"width: 690px\" class=\"wp-caption aligncenter\"><img loading=\"lazy\" decoding=\"async\" aria-describedby=\"caption-attachment-141672\" class=\"wp-image-141672\" src=\"https:\/\/diarioregionaldigital.com.br\/wp-content\/uploads\/2019\/06\/Fotoaa-e1559951529557.jpg\" alt=\"\" width=\"680\" height=\"528\" srcset=\"https:\/\/diarioregionaldigital.com.br\/wp-content\/uploads\/2019\/06\/Fotoaa-e1559951529557.jpg 1158w, https:\/\/diarioregionaldigital.com.br\/wp-content\/uploads\/2019\/06\/Fotoaa-e1559951529557-300x233.jpg 300w, https:\/\/diarioregionaldigital.com.br\/wp-content\/uploads\/2019\/06\/Fotoaa-e1559951529557-768x597.jpg 768w, https:\/\/diarioregionaldigital.com.br\/wp-content\/uploads\/2019\/06\/Fotoaa-e1559951529557-1024x796.jpg 1024w, https:\/\/diarioregionaldigital.com.br\/wp-content\/uploads\/2019\/06\/Fotoaa-e1559951529557-360x280.jpg 360w\" sizes=\"auto, (max-width: 680px) 100vw, 680px\" \/><p id=\"caption-attachment-141672\" class=\"wp-caption-text\">A linda aniversariante Ana Luisa Benini Assad<\/p><\/div>\n<div id=\"attachment_141673\" style=\"width: 690px\" class=\"wp-caption aligncenter\"><img loading=\"lazy\" decoding=\"async\" aria-describedby=\"caption-attachment-141673\" class=\"wp-image-141673\" src=\"https:\/\/diarioregionaldigital.com.br\/wp-content\/uploads\/2019\/06\/fotob-3-e1559951574984.jpg\" alt=\"\" width=\"680\" height=\"511\" srcset=\"https:\/\/diarioregionaldigital.com.br\/wp-content\/uploads\/2019\/06\/fotob-3-e1559951574984.jpg 399w, https:\/\/diarioregionaldigital.com.br\/wp-content\/uploads\/2019\/06\/fotob-3-e1559951574984-300x226.jpg 300w, https:\/\/diarioregionaldigital.com.br\/wp-content\/uploads\/2019\/06\/fotob-3-e1559951574984-360x271.jpg 360w\" sizes=\"auto, (max-width: 680px) 100vw, 680px\" \/><p id=\"caption-attachment-141673\" class=\"wp-caption-text\">A linda aniversariante Ana Luisa Benini Assad com seus pais Alexandre e Renata<\/p><\/div>\n<div id=\"attachment_141674\" style=\"width: 690px\" class=\"wp-caption aligncenter\"><img loading=\"lazy\" decoding=\"async\" aria-describedby=\"caption-attachment-141674\" class=\"wp-image-141674\" src=\"https:\/\/diarioregionaldigital.com.br\/wp-content\/uploads\/2019\/06\/fotoc-3-e1559951612878.jpg\" alt=\"\" width=\"680\" height=\"519\" srcset=\"https:\/\/diarioregionaldigital.com.br\/wp-content\/uploads\/2019\/06\/fotoc-3-e1559951612878.jpg 393w, https:\/\/diarioregionaldigital.com.br\/wp-content\/uploads\/2019\/06\/fotoc-3-e1559951612878-300x229.jpg 300w, https:\/\/diarioregionaldigital.com.br\/wp-content\/uploads\/2019\/06\/fotoc-3-e1559951612878-360x275.jpg 360w\" sizes=\"auto, (max-width: 680px) 100vw, 680px\" \/><p id=\"caption-attachment-141674\" class=\"wp-caption-text\">Roberta Benini, Ana Luisa e Bernardo Benini<\/p><\/div>\n<div id=\"attachment_141675\" style=\"width: 690px\" class=\"wp-caption aligncenter\"><img loading=\"lazy\" decoding=\"async\" aria-describedby=\"caption-attachment-141675\" class=\"wp-image-141675\" src=\"https:\/\/diarioregionaldigital.com.br\/wp-content\/uploads\/2019\/06\/fotod-3-e1559951651359.jpg\" alt=\"\" width=\"680\" height=\"467\" srcset=\"https:\/\/diarioregionaldigital.com.br\/wp-content\/uploads\/2019\/06\/fotod-3-e1559951651359.jpg 1617w, https:\/\/diarioregionaldigital.com.br\/wp-content\/uploads\/2019\/06\/fotod-3-e1559951651359-300x206.jpg 300w, https:\/\/diarioregionaldigital.com.br\/wp-content\/uploads\/2019\/06\/fotod-3-e1559951651359-768x528.jpg 768w, https:\/\/diarioregionaldigital.com.br\/wp-content\/uploads\/2019\/06\/fotod-3-e1559951651359-1024x704.jpg 1024w, https:\/\/diarioregionaldigital.com.br\/wp-content\/uploads\/2019\/06\/fotod-3-e1559951651359-360x247.jpg 360w, https:\/\/diarioregionaldigital.com.br\/wp-content\/uploads\/2019\/06\/fotod-3-e1559951651359-100x70.jpg 100w\" sizes=\"auto, (max-width: 680px) 100vw, 680px\" \/><p id=\"caption-attachment-141675\" class=\"wp-caption-text\">Ana Luisa com os amigos: Vinicius, Geovana, Ana Clara e Bernardo<\/p><\/div>\n<div id=\"attachment_141676\" style=\"width: 690px\" class=\"wp-caption aligncenter\"><img loading=\"lazy\" decoding=\"async\" aria-describedby=\"caption-attachment-141676\" class=\"wp-image-141676\" src=\"https:\/\/diarioregionaldigital.com.br\/wp-content\/uploads\/2019\/06\/fotoe-4-e1559951711242.jpg\" alt=\"\" width=\"680\" height=\"463\" srcset=\"https:\/\/diarioregionaldigital.com.br\/wp-content\/uploads\/2019\/06\/fotoe-4-e1559951711242.jpg 1176w, https:\/\/diarioregionaldigital.com.br\/wp-content\/uploads\/2019\/06\/fotoe-4-e1559951711242-300x204.jpg 300w, https:\/\/diarioregionaldigital.com.br\/wp-content\/uploads\/2019\/06\/fotoe-4-e1559951711242-768x522.jpg 768w, https:\/\/diarioregionaldigital.com.br\/wp-content\/uploads\/2019\/06\/fotoe-4-e1559951711242-1024x697.jpg 1024w, https:\/\/diarioregionaldigital.com.br\/wp-content\/uploads\/2019\/06\/fotoe-4-e1559951711242-360x245.jpg 360w\" sizes=\"auto, (max-width: 680px) 100vw, 680px\" \/><p id=\"caption-attachment-141676\" class=\"wp-caption-text\">Wellerson Carvalho, Pedro Benini, Ana Luisa e Juliana e Theo Benini<\/p><\/div>\n<div id=\"attachment_141677\" style=\"width: 690px\" class=\"wp-caption aligncenter\"><img loading=\"lazy\" decoding=\"async\" aria-describedby=\"caption-attachment-141677\" class=\"wp-image-141677\" src=\"https:\/\/diarioregionaldigital.com.br\/wp-content\/uploads\/2019\/06\/fotof-3-e1559951758826.jpg\" alt=\"\" width=\"680\" height=\"511\" srcset=\"https:\/\/diarioregionaldigital.com.br\/wp-content\/uploads\/2019\/06\/fotof-3-e1559951758826.jpg 399w, https:\/\/diarioregionaldigital.com.br\/wp-content\/uploads\/2019\/06\/fotof-3-e1559951758826-300x226.jpg 300w, https:\/\/diarioregionaldigital.com.br\/wp-content\/uploads\/2019\/06\/fotof-3-e1559951758826-360x271.jpg 360w\" sizes=\"auto, (max-width: 680px) 100vw, 680px\" \/><p id=\"caption-attachment-141677\" class=\"wp-caption-text\">Lara Terra, Carolina F\u00e1vero, Ana Luisa e J\u00e9ssica Esteves<\/p><\/div>\n<div id=\"attachment_141678\" style=\"width: 690px\" class=\"wp-caption aligncenter\"><img loading=\"lazy\" decoding=\"async\" aria-describedby=\"caption-attachment-141678\" class=\"wp-image-141678\" src=\"https:\/\/diarioregionaldigital.com.br\/wp-content\/uploads\/2019\/06\/fotog-4-e1559951810751.jpg\" alt=\"\" width=\"680\" height=\"500\" srcset=\"https:\/\/diarioregionaldigital.com.br\/wp-content\/uploads\/2019\/06\/fotog-4-e1559951810751.jpg 1154w, https:\/\/diarioregionaldigital.com.br\/wp-content\/uploads\/2019\/06\/fotog-4-e1559951810751-300x221.jpg 300w, https:\/\/diarioregionaldigital.com.br\/wp-content\/uploads\/2019\/06\/fotog-4-e1559951810751-768x565.jpg 768w, https:\/\/diarioregionaldigital.com.br\/wp-content\/uploads\/2019\/06\/fotog-4-e1559951810751-1024x753.jpg 1024w, https:\/\/diarioregionaldigital.com.br\/wp-content\/uploads\/2019\/06\/fotog-4-e1559951810751-360x265.jpg 360w\" sizes=\"auto, (max-width: 680px) 100vw, 680px\" \/><p id=\"caption-attachment-141678\" class=\"wp-caption-text\">Fernando, Ana Luisa, Crislaine e Renata Benini<\/p><\/div>\n<div id=\"attachment_141679\" style=\"width: 690px\" class=\"wp-caption aligncenter\"><img loading=\"lazy\" decoding=\"async\" aria-describedby=\"caption-attachment-141679\" class=\"wp-image-141679\" src=\"https:\/\/diarioregionaldigital.com.br\/wp-content\/uploads\/2019\/06\/fotoh-3-e1559951852288.jpg\" alt=\"\" width=\"680\" height=\"511\" srcset=\"https:\/\/diarioregionaldigital.com.br\/wp-content\/uploads\/2019\/06\/fotoh-3-e1559951852288.jpg 399w, https:\/\/diarioregionaldigital.com.br\/wp-content\/uploads\/2019\/06\/fotoh-3-e1559951852288-300x226.jpg 300w, https:\/\/diarioregionaldigital.com.br\/wp-content\/uploads\/2019\/06\/fotoh-3-e1559951852288-360x271.jpg 360w\" sizes=\"auto, (max-width: 680px) 100vw, 680px\" \/><p id=\"caption-attachment-141679\" class=\"wp-caption-text\">Eduardo Gomes, Carlos Eduardo Rodrigues e a filha Nat\u00e1lia e \u00c2ngela Fellet<\/p><\/div>\n<div id=\"attachment_141680\" style=\"width: 690px\" class=\"wp-caption aligncenter\"><img loading=\"lazy\" decoding=\"async\" aria-describedby=\"caption-attachment-141680\" class=\"wp-image-141680\" src=\"https:\/\/diarioregionaldigital.com.br\/wp-content\/uploads\/2019\/06\/fotoi-4-e1559951884303.jpg\" alt=\"\" width=\"680\" height=\"510\" srcset=\"https:\/\/diarioregionaldigital.com.br\/wp-content\/uploads\/2019\/06\/fotoi-4-e1559951884303.jpg 400w, https:\/\/diarioregionaldigital.com.br\/wp-content\/uploads\/2019\/06\/fotoi-4-e1559951884303-300x225.jpg 300w, https:\/\/diarioregionaldigital.com.br\/wp-content\/uploads\/2019\/06\/fotoi-4-e1559951884303-360x270.jpg 360w\" sizes=\"auto, (max-width: 680px) 100vw, 680px\" \/><p id=\"caption-attachment-141680\" class=\"wp-caption-text\">Carlos Alberto Assad, a neta Ana Luisa e Alexandre Assad<\/p><\/div>\n<div id=\"attachment_141681\" style=\"width: 690px\" class=\"wp-caption aligncenter\"><img loading=\"lazy\" decoding=\"async\" aria-describedby=\"caption-attachment-141681\" class=\"wp-image-141681\" src=\"https:\/\/diarioregionaldigital.com.br\/wp-content\/uploads\/2019\/06\/fotoj-3-e1559951921691.jpg\" alt=\"\" width=\"680\" height=\"483\" srcset=\"https:\/\/diarioregionaldigital.com.br\/wp-content\/uploads\/2019\/06\/fotoj-3-e1559951921691.jpg 508w, https:\/\/diarioregionaldigital.com.br\/wp-content\/uploads\/2019\/06\/fotoj-3-e1559951921691-300x213.jpg 300w, https:\/\/diarioregionaldigital.com.br\/wp-content\/uploads\/2019\/06\/fotoj-3-e1559951921691-360x256.jpg 360w, https:\/\/diarioregionaldigital.com.br\/wp-content\/uploads\/2019\/06\/fotoj-3-e1559951921691-100x70.jpg 100w\" sizes=\"auto, (max-width: 680px) 100vw, 680px\" \/><p id=\"caption-attachment-141681\" class=\"wp-caption-text\">Michelle Arimat\u00e9a, Renata Benini Assad e M\u00f4nica Braida<\/p><\/div>\n<div id=\"attachment_141682\" style=\"width: 690px\" class=\"wp-caption aligncenter\"><img loading=\"lazy\" decoding=\"async\" aria-describedby=\"caption-attachment-141682\" class=\"wp-image-141682\" src=\"https:\/\/diarioregionaldigital.com.br\/wp-content\/uploads\/2019\/06\/fotol-2-e1559951950699.jpg\" alt=\"\" width=\"680\" height=\"510\" srcset=\"https:\/\/diarioregionaldigital.com.br\/wp-content\/uploads\/2019\/06\/fotol-2-e1559951950699.jpg 400w, https:\/\/diarioregionaldigital.com.br\/wp-content\/uploads\/2019\/06\/fotol-2-e1559951950699-300x225.jpg 300w, https:\/\/diarioregionaldigital.com.br\/wp-content\/uploads\/2019\/06\/fotol-2-e1559951950699-360x270.jpg 360w\" sizes=\"auto, (max-width: 680px) 100vw, 680px\" \/><p id=\"caption-attachment-141682\" class=\"wp-caption-text\">Luis Ot\u00e1vio Guilhon e Gisele Guilhon<\/p><\/div>\n<div id=\"attachment_141683\" style=\"width: 690px\" class=\"wp-caption aligncenter\"><img loading=\"lazy\" decoding=\"async\" aria-describedby=\"caption-attachment-141683\" class=\"wp-image-141683\" src=\"https:\/\/diarioregionaldigital.com.br\/wp-content\/uploads\/2019\/06\/fotom-2-e1559951979705.jpg\" alt=\"\" width=\"680\" height=\"480\" srcset=\"https:\/\/diarioregionaldigital.com.br\/wp-content\/uploads\/2019\/06\/fotom-2-e1559951979705.jpg 496w, https:\/\/diarioregionaldigital.com.br\/wp-content\/uploads\/2019\/06\/fotom-2-e1559951979705-300x212.jpg 300w, https:\/\/diarioregionaldigital.com.br\/wp-content\/uploads\/2019\/06\/fotom-2-e1559951979705-360x254.jpg 360w, https:\/\/diarioregionaldigital.com.br\/wp-content\/uploads\/2019\/06\/fotom-2-e1559951979705-100x70.jpg 100w\" sizes=\"auto, (max-width: 680px) 100vw, 680px\" \/><p id=\"caption-attachment-141683\" class=\"wp-caption-text\">Alexandre Assad, Luciano, Fl\u00e1via e Jamile Quelotti<\/p><\/div>\n<div id=\"attachment_141684\" style=\"width: 690px\" class=\"wp-caption aligncenter\"><img loading=\"lazy\" decoding=\"async\" aria-describedby=\"caption-attachment-141684\" class=\"wp-image-141684\" src=\"https:\/\/diarioregionaldigital.com.br\/wp-content\/uploads\/2019\/06\/foton-2.jpg\" alt=\"\" width=\"680\" height=\"454\" srcset=\"https:\/\/diarioregionaldigital.com.br\/wp-content\/uploads\/2019\/06\/foton-2.jpg 550w, https:\/\/diarioregionaldigital.com.br\/wp-content\/uploads\/2019\/06\/foton-2-300x200.jpg 300w, https:\/\/diarioregionaldigital.com.br\/wp-content\/uploads\/2019\/06\/foton-2-360x240.jpg 360w\" sizes=\"auto, (max-width: 680px) 100vw, 680px\" \/><p id=\"caption-attachment-141684\" class=\"wp-caption-text\">Absoluta nos seus 15 anos, Ana Luisa com seus amigos da nova gera\u00e7\u00e3o<\/p><\/div>\n<p style=\"text-align: center;\"><strong>FOTOSS\u00cdNTESE<\/strong><\/p>\n<p>Continua em evid\u00eancia as visitas guiadas e agendadas ao Cine-Theatro Central, de ter\u00e7a-feira a sexta-feira, \u00e0s 9h30 e 14h 30.<\/p>\n<p>A bonita Simone Souza vai receber para a Festa na Ro\u00e7a, no dia 16 de junho, \u00e0s 13h, na Est\u00e2ncia Dom Vi\u00e7oso.<\/p>\n<p>Sess\u00e3o flor de laranjeira vai unir em casamento, bonito casal Luciane Abreu e Igor Salvati. Ser\u00e1 dia 21 de junho, \u00e0s 20h, na Capela Santa Filomena no Quintas da Avenida. Ela filha de Carla Domingos Abreu Costa e Sebasti\u00e3o da Costa. Ele, filho de R\u00f4mulo Salvati e Maria Celida Salvati.<\/p>\n<p>Vai ter fest\u00e3o com o Anivers\u00e1rio do Grupo Segredo no dia 15 de junho, \u00e0s 19h, no Bar da Laje, em Santa Luzia. Dentre atra\u00e7\u00f5es, direto do Rio, o cantor Marquinho Satham.<\/p>\n<p>Est\u00e1 bel\u00edssima a exposi\u00e7\u00e3o do artista pl\u00e1stico Renato Abud com t\u00e9cnicas variadas para o tema \u201cO pr\u00edncipe feliz\u201d. A mostra re\u00fane cerca de 70 trabalhos que apresentam um panorama da obra do artista em suas diversas fases. O local \u00e9 o Museu de arte Murilo Mendes.<\/p>\n<p>A loja M.Marques, no Braz Shopping, j\u00e1 est\u00e1 vendendo os ingressos para a 39\u00aa edi\u00e7\u00e3o do Miss Brasil Gay Oficial 2019, que vai bombar no Terrazzo no dia 17 de agosto. Entre as atra\u00e7\u00f5es, Pablo Vittar.<\/p>\n<p>O Aeroporto da Serrinha promove, nos dias 15 e 16, o Aerofest. A promo\u00e7\u00e3o comemora os 81 anos do Aeroclube e os 41 da Associa\u00e7\u00e3o Juiz-forana do Aeromodelismo. O presidente do AeroClube, Leandro Lopardi promete um bel\u00edssimo show da Esquadrilha da Fuma\u00e7a.<\/p>\n<p>Com estreia no dia 12, o musical \u201cSociedade Ambulante\u201d, traz no elenco a ator juiz-forano Hugo Goretti, que promete brilhar no Teatro Vanucci no Shopping da G\u00e1vea, no Rio.<\/p>\n<p>Para ler e captar: Procure utilizar o seu tempo livre em causa humanit\u00e1ria e com isso sentir que seu lugar no mundo est\u00e1 realmente valendo a pena. Bom dia!<\/p>\n<p><img loading=\"lazy\" decoding=\"async\" class=\"aligncenter size-full wp-image-141686\" src=\"https:\/\/diarioregionaldigital.com.br\/wp-content\/uploads\/2019\/06\/anuncio-5.jpg\" alt=\"\" width=\"3491\" height=\"611\" srcset=\"https:\/\/diarioregionaldigital.com.br\/wp-content\/uploads\/2019\/06\/anuncio-5.jpg 3491w, https:\/\/diarioregionaldigital.com.br\/wp-content\/uploads\/2019\/06\/anuncio-5-300x53.jpg 300w, https:\/\/diarioregionaldigital.com.br\/wp-content\/uploads\/2019\/06\/anuncio-5-768x134.jpg 768w, https:\/\/diarioregionaldigital.com.br\/wp-content\/uploads\/2019\/06\/anuncio-5-1024x179.jpg 1024w, https:\/\/diarioregionaldigital.com.br\/wp-content\/uploads\/2019\/06\/anuncio-5-360x63.jpg 360w\" sizes=\"auto, (max-width: 3491px) 100vw, 3491px\" \/><\/p>\n","protected":false},"excerpt":{"rendered":"<p>Gente Boa Gestos de solidariedade emocionam a equipe desta coluna social on-line. O exemplo de Leonardo Miguel e Naiara Alves, representantes do Espa\u00e7o \u00c1gua Academia, entregando \u00e0 Ascomcer 130 litros de leite e pacotes de fralda, arrecadados na inscri\u00e7\u00e3o solid\u00e1ria do festival de Nata\u00e7\u00e3o, deveria ser seguido por todos. Sucesso Total Merecidamente o Hospital Evandro [&hellip;]<\/p>\n","protected":false},"author":96,"featured_media":141672,"comment_status":"closed","ping_status":"closed","sticky":false,"template":"","format":"standard","meta":{"footnotes":""},"categories":[264],"tags":[],"class_list":["post-141685","post","type-post","status-publish","format-standard","has-post-thumbnail","hentry","category-eduardo-gomes"],"_links":{"self":[{"href":"https:\/\/diarioregionaldigital.com.br\/index.php?rest_route=\/wp\/v2\/posts\/141685","targetHints":{"allow":["GET"]}}],"collection":[{"href":"https:\/\/diarioregionaldigital.com.br\/index.php?rest_route=\/wp\/v2\/posts"}],"about":[{"href":"https:\/\/diarioregionaldigital.com.br\/index.php?rest_route=\/wp\/v2\/types\/post"}],"author":[{"embeddable":true,"href":"https:\/\/diarioregionaldigital.com.br\/index.php?rest_route=\/wp\/v2\/users\/96"}],"replies":[{"embeddable":true,"href":"https:\/\/diarioregionaldigital.com.br\/index.php?rest_route=%2Fwp%2Fv2%2Fcomments&post=141685"}],"version-history":[{"count":0,"href":"https:\/\/diarioregionaldigital.com.br\/index.php?rest_route=\/wp\/v2\/posts\/141685\/revisions"}],"wp:featuredmedia":[{"embeddable":true,"href":"https:\/\/diarioregionaldigital.com.br\/index.php?rest_route=\/wp\/v2\/media\/141672"}],"wp:attachment":[{"href":"https:\/\/diarioregionaldigital.com.br\/index.php?rest_route=%2Fwp%2Fv2%2Fmedia&parent=141685"}],"wp:term":[{"taxonomy":"category","embeddable":true,"href":"https:\/\/diarioregionaldigital.com.br\/index.php?rest_route=%2Fwp%2Fv2%2Fcategories&post=141685"},{"taxonomy":"post_tag","embeddable":true,"href":"https:\/\/diarioregionaldigital.com.br\/index.php?rest_route=%2Fwp%2Fv2%2Ftags&post=141685"}],"curies":[{"name":"wp","href":"https:\/\/api.w.org\/{rel}","templated":true}]}}