{"id":141669,"date":"2019-06-08T06:00:22","date_gmt":"2019-06-08T09:00:22","guid":{"rendered":"https:\/\/diarioregionaldigital.com.br\/?p=141669"},"modified":"2019-06-07T18:17:32","modified_gmt":"2019-06-07T21:17:32","slug":"predio-do-museu-ferroviario-completa-90-anos-e-promove-visitas-tematicas-guiadas","status":"publish","type":"post","link":"https:\/\/diarioregionaldigital.com.br\/?p=141669","title":{"rendered":"Pr\u00e9dio do Museu Ferrovi\u00e1rio completa 90 anos e promove visitas tem\u00e1ticas guiadas"},"content":{"rendered":"<p>O pr\u00e9dio sede da antiga Estrada de Ferro Leopoldina, que hoje abriga o Museu Ferrovi\u00e1rio de Juiz de Fora, completar\u00e1 90 anos de inaugura\u00e7\u00e3o no domingo, 9. Para comemorar a data, nas pr\u00f3ximas semanas, o p\u00fablico ter\u00e1 acesso a visitas guiadas, com foco na hist\u00f3ria e arquitetura do im\u00f3vel, localizado na Avenida Brasil, 2.001 \u2013 Centro, cuja constru\u00e7\u00e3o teve in\u00edcio em 1927 e conclu\u00edda em 1929.<\/p>\n<p>A atividade ser\u00e1 gratuita e aberta a todos os interessados, mediante inscri\u00e7\u00e3o pr\u00e9via pelo e-mail contatomfjf@gmail.com.<\/p>\n<p>As visitas guiadas s\u00e3o organizadas e coordenadas pelo setor educativo do Museu Ferrovi\u00e1rio. Conforme o gerente de Espa\u00e7os da Funda\u00e7\u00e3o Cultural \u201cAlfredo Ferreira Lage\u201d (Funalfa), Luiz Fernando Priamo, as visitas especiais apresentar\u00e3o quest\u00f5es relativas \u00e0 arquitetura ferrovi\u00e1ria, desde a \u00e9poca de funcionamento da esta\u00e7\u00e3o at\u00e9 o Museu, abordando ainda os im\u00f3veis do entorno. \u201cO objetivo \u00e9 oferecer suporte para que os visitantes compreendam melhor o espa\u00e7o e, consequentemente, a cidade de Juiz de Fora, t\u00e3o fortemente influenciada pela esta\u00e7\u00e3o.\u201d<\/p>\n<p>O pr\u00e9dio apresenta arquitetura em padr\u00f5es ecl\u00e9ticos, fachada cl\u00e1ssica, estrutura em madeira, sendo coberto com telhas francesas.<\/p>\n<p>Fonte: PJF<\/p>\n","protected":false},"excerpt":{"rendered":"<p>O pr\u00e9dio sede da antiga Estrada de Ferro Leopoldina, que hoje abriga o Museu Ferrovi\u00e1rio de Juiz de Fora, completar\u00e1 90 anos de inaugura\u00e7\u00e3o no domingo, 9. Para comemorar a data, nas pr\u00f3ximas semanas, o p\u00fablico ter\u00e1 acesso a visitas guiadas, com foco na hist\u00f3ria e arquitetura do im\u00f3vel, localizado na Avenida Brasil, 2.001 \u2013 [&hellip;]<\/p>\n","protected":false},"author":96,"featured_media":141670,"comment_status":"closed","ping_status":"closed","sticky":false,"template":"","format":"standard","meta":{"footnotes":""},"categories":[253,436,439],"tags":[],"class_list":["post-141669","post","type-post","status-publish","format-standard","has-post-thumbnail","hentry","category-cidade","category-destaque-da-semana","category-ultima-hora"],"_links":{"self":[{"href":"https:\/\/diarioregionaldigital.com.br\/index.php?rest_route=\/wp\/v2\/posts\/141669","targetHints":{"allow":["GET"]}}],"collection":[{"href":"https:\/\/diarioregionaldigital.com.br\/index.php?rest_route=\/wp\/v2\/posts"}],"about":[{"href":"https:\/\/diarioregionaldigital.com.br\/index.php?rest_route=\/wp\/v2\/types\/post"}],"author":[{"embeddable":true,"href":"https:\/\/diarioregionaldigital.com.br\/index.php?rest_route=\/wp\/v2\/users\/96"}],"replies":[{"embeddable":true,"href":"https:\/\/diarioregionaldigital.com.br\/index.php?rest_route=%2Fwp%2Fv2%2Fcomments&post=141669"}],"version-history":[{"count":0,"href":"https:\/\/diarioregionaldigital.com.br\/index.php?rest_route=\/wp\/v2\/posts\/141669\/revisions"}],"wp:featuredmedia":[{"embeddable":true,"href":"https:\/\/diarioregionaldigital.com.br\/index.php?rest_route=\/wp\/v2\/media\/141670"}],"wp:attachment":[{"href":"https:\/\/diarioregionaldigital.com.br\/index.php?rest_route=%2Fwp%2Fv2%2Fmedia&parent=141669"}],"wp:term":[{"taxonomy":"category","embeddable":true,"href":"https:\/\/diarioregionaldigital.com.br\/index.php?rest_route=%2Fwp%2Fv2%2Fcategories&post=141669"},{"taxonomy":"post_tag","embeddable":true,"href":"https:\/\/diarioregionaldigital.com.br\/index.php?rest_route=%2Fwp%2Fv2%2Ftags&post=141669"}],"curies":[{"name":"wp","href":"https:\/\/api.w.org\/{rel}","templated":true}]}}