{"id":141663,"date":"2019-06-08T06:00:45","date_gmt":"2019-06-08T09:00:45","guid":{"rendered":"https:\/\/diarioregionaldigital.com.br\/?p=141663"},"modified":"2019-06-07T18:10:00","modified_gmt":"2019-06-07T21:10:00","slug":"desafios-do-sus-serao-debatidos-em-audiencia-publica-na-cdh","status":"publish","type":"post","link":"https:\/\/diarioregionaldigital.com.br\/?p=141663","title":{"rendered":"Desafios do SUS ser\u00e3o debatidos em audi\u00eancia p\u00fablica na CDH"},"content":{"rendered":"<p>A Comiss\u00e3o de Direitos Humanos e Legisla\u00e7\u00e3o Participativa (CDH) vai debater em audi\u00eancia p\u00fablica na ter\u00e7a-feira (11) a falta de m\u00e9dicos e a atual situa\u00e7\u00e3o do Sistema \u00danico de Sa\u00fade (SUS). A audi\u00eancia foi solicitada pelo presidente da comiss\u00e3o, senador Paulo Paim (PT-RS).<\/p>\n<p>Conforme o Minist\u00e9rio da Sa\u00fade, o SUS \u00e9 um dos maiores e mais complexos sistemas de sa\u00fade p\u00fablica do mundo, que atende das demandas mais simples \u00e0s mais complexas. Engloba a aten\u00e7\u00e3o b\u00e1sica, de m\u00e9dia e alta complexidades, os servi\u00e7os de urg\u00eancia e emerg\u00eancia, a aten\u00e7\u00e3o hospitalar, as a\u00e7\u00f5es e servi\u00e7os das vigil\u00e2ncias epidemiol\u00f3gica, sanit\u00e1ria e ambiental e a assist\u00eancia farmac\u00eautica.<\/p>\n<p>O SUS tem como princ\u00edpios b\u00e1sicos a universaliza\u00e7\u00e3o, que assegura o direito \u00e0 sa\u00fade a todos, independentemente de caracter\u00edsticas; a equidade, cujo objetivo \u00e9 tratar desigualmente os desiguais, investindo mais onde a car\u00eancia \u00e9 maior; e a integralidade, que considera as pessoas como um todo e busca atender todas as suas necessidades.<\/p>\n<p>Foram convidados para participar da reuni\u00e3o o m\u00e9dico e conselheiro do Conselho Federal de Medicina (CFM) Donizetti Dimer Giamberardino Filho; o presidente do Sindicato Nacional dos Docentes das Institui\u00e7\u00f5es de Ensino Superior, Antonio Gon\u00e7alves Filho; e o professor e pesquisador do Centro Brasileiro de Estudos de Sa\u00fade da UnB Heleno Corr\u00eaa. O debate deve contar tamb\u00e9m com a presen\u00e7a de representantes do Minist\u00e9rio da Sa\u00fade, do Conselho Nacional de Sa\u00fade (CNS), da Confedera\u00e7\u00e3o Nacional de Munic\u00edpios (CNM) e da Central dos Trabalhadores e Trabalhadoras do Brasil (CTB).<\/p>\n<p>A audi\u00eancia ser\u00e1 \u00e0s 9h na sala 7 da Ala Alexandre Costa.<\/p>\n<p>Fonte: Ag\u00eancia Senado<\/p>\n","protected":false},"excerpt":{"rendered":"<p>A Comiss\u00e3o de Direitos Humanos e Legisla\u00e7\u00e3o Participativa (CDH) vai debater em audi\u00eancia p\u00fablica na ter\u00e7a-feira (11) a falta de m\u00e9dicos e a atual situa\u00e7\u00e3o do Sistema \u00danico de Sa\u00fade (SUS). A audi\u00eancia foi solicitada pelo presidente da comiss\u00e3o, senador Paulo Paim (PT-RS). Conforme o Minist\u00e9rio da Sa\u00fade, o SUS \u00e9 um dos maiores e [&hellip;]<\/p>\n","protected":false},"author":96,"featured_media":141664,"comment_status":"closed","ping_status":"closed","sticky":false,"template":"","format":"standard","meta":{"footnotes":""},"categories":[436,254,439],"tags":[],"class_list":["post-141663","post","type-post","status-publish","format-standard","has-post-thumbnail","hentry","category-destaque-da-semana","category-politica","category-ultima-hora"],"_links":{"self":[{"href":"https:\/\/diarioregionaldigital.com.br\/index.php?rest_route=\/wp\/v2\/posts\/141663","targetHints":{"allow":["GET"]}}],"collection":[{"href":"https:\/\/diarioregionaldigital.com.br\/index.php?rest_route=\/wp\/v2\/posts"}],"about":[{"href":"https:\/\/diarioregionaldigital.com.br\/index.php?rest_route=\/wp\/v2\/types\/post"}],"author":[{"embeddable":true,"href":"https:\/\/diarioregionaldigital.com.br\/index.php?rest_route=\/wp\/v2\/users\/96"}],"replies":[{"embeddable":true,"href":"https:\/\/diarioregionaldigital.com.br\/index.php?rest_route=%2Fwp%2Fv2%2Fcomments&post=141663"}],"version-history":[{"count":0,"href":"https:\/\/diarioregionaldigital.com.br\/index.php?rest_route=\/wp\/v2\/posts\/141663\/revisions"}],"wp:featuredmedia":[{"embeddable":true,"href":"https:\/\/diarioregionaldigital.com.br\/index.php?rest_route=\/wp\/v2\/media\/141664"}],"wp:attachment":[{"href":"https:\/\/diarioregionaldigital.com.br\/index.php?rest_route=%2Fwp%2Fv2%2Fmedia&parent=141663"}],"wp:term":[{"taxonomy":"category","embeddable":true,"href":"https:\/\/diarioregionaldigital.com.br\/index.php?rest_route=%2Fwp%2Fv2%2Fcategories&post=141663"},{"taxonomy":"post_tag","embeddable":true,"href":"https:\/\/diarioregionaldigital.com.br\/index.php?rest_route=%2Fwp%2Fv2%2Ftags&post=141663"}],"curies":[{"name":"wp","href":"https:\/\/api.w.org\/{rel}","templated":true}]}}