{"id":141657,"date":"2019-06-08T06:00:55","date_gmt":"2019-06-08T09:00:55","guid":{"rendered":"https:\/\/diarioregionaldigital.com.br\/?p=141657"},"modified":"2019-06-07T18:00:25","modified_gmt":"2019-06-07T21:00:25","slug":"comissao-de-saude-fiscaliza-instalacoes-do-pam-marechal","status":"publish","type":"post","link":"https:\/\/diarioregionaldigital.com.br\/?p=141657","title":{"rendered":"Comiss\u00e3o de sa\u00fade fiscaliza instala\u00e7\u00f5es do PAM Marechal"},"content":{"rendered":"<p>A Comiss\u00e3o de Sa\u00fade P\u00fablica e Bem- Estar Social da C\u00e2mara de Juiz de Fora esteve \u00a0na manh\u00e3 desta sexta-feira, 07, no pr\u00e9dio do PAM Marechal, unidade de atendimento em especialidades m\u00e9dicas que atende cerca de 1500 pessoas por dia. A visita teve o objetivo de verificar as instala\u00e7\u00f5es e discutir poss\u00edveis solu\u00e7\u00f5es, ap\u00f3s a recente requisi\u00e7\u00e3o do Minist\u00e9rio P\u00fablico para que a Prefeitura fa\u00e7a em 60 dias, os ajustes necess\u00e1rios no pr\u00e9dio, principalmente com rela\u00e7\u00e3o a escada com seguran\u00e7a contra inc\u00eandios e ajustes na parte hidr\u00e1ulica.<\/p>\n<p>O presidente da Comiss\u00e3o, Ant\u00f4nio Aguiar (MDB) salientou que o contexto da \u00e9poca em que o pr\u00e9dio de 11 andares foi constru\u00eddo era diferente do que h\u00e1 hoje. \u201cEsse pr\u00e9dio certamente tem mais de 60 anos, e na \u00e9poca que foi constru\u00eddo as recomenda\u00e7\u00f5es de seguran\u00e7a eram diferentes do que \u00e9 exigido hoje pelas normas atuais do Corpo de Bombeiros\u201d, disse, acrescentando que o pr\u00e9dio \u00e9 propriedade da Uni\u00e3o e que h\u00e1 necessidade de manuten\u00e7\u00e3o para preservar a estrutura. \u201cObservamos tamb\u00e9m que em nenhum momento da nossa visita recebemos reclama\u00e7\u00e3o de falta de atendimento, \u00e9 um equipamento que funciona muito bem e atende 1500 pessoas todos os dias aqui, al\u00e9m da localiza\u00e7\u00e3o privilegiada\u201d, finalizou.<\/p>\n<p>Em nota, a Secretaria de Sa\u00fade disse, que montou uma comiss\u00e3o no in\u00edcio deste ano, visando buscar solu\u00e7\u00f5es para os servi\u00e7os que s\u00e3o prestados no PAM-Marechal. A comiss\u00e3o j\u00e1 fez um diagn\u00f3stico de todos os servi\u00e7os que funcionam nos 11 andares do PAM. Eles informam tamb\u00e9m, que o resultado deste trabalho ser\u00e1 apresentado ao prefeito nos pr\u00f3ximos dias, e que a ideia \u00e9 transferir alguns servi\u00e7os que funcionam nos andares superiores para outros locais. A comiss\u00e3o seria formada por representantes das subsecretarias de Aten\u00e7\u00e3o Prim\u00e1ria, de Vigil\u00e2ncia em Sa\u00fade e de Gest\u00e3o da Execu\u00e7\u00e3o Instrumental.<\/p>\n<p>A princ\u00edpio o Departamento de Sa\u00fade da Mulher, poder\u00e1 ser transferido para o pr\u00e9dio onde funciona o Departamento de Sa\u00fade da Crian\u00e7a e do Adolescente. Esta mudan\u00e7a, inclusive, vai dinamizar o servi\u00e7o, j\u00e1 que os dois departamentos foram fundidos ap\u00f3s a Reforma Administrativa implementada pela Prefeitura de Juiz de Fora (PJF) este ano.<\/p>\n<p>A Secretaria Sa\u00fade tamb\u00e9m certificou que os servi\u00e7os que funcionam no t\u00e9rreo e nos primeiros andares, dever\u00e3o ser mantidos no pr\u00f3prio Pam. E que pretende realizar algumas obras de melhorias no local, de forma gradativa, visando, sempre, o melhor atendimento \u00e0 popula\u00e7\u00e3o e melhores condi\u00e7\u00f5es de trabalho para os servidores da sa\u00fade, \u00a0levando em considera\u00e7\u00e3o acessibilidade, biosseguran\u00e7a e quest\u00f5es sanit\u00e1rias.<\/p>\n<p>Tamb\u00e9m estiveram presentes na visita da Comiss\u00e3o de Sa\u00fade, os vereadores Marlon Siqueira e Kennedy Ribeiro ambos do (MDB). Marlon ressaltou a import\u00e2ncia regional do equipamento. \u201cO Pam Marechal possui uma localiza\u00e7\u00e3o privilegiada, no cora\u00e7\u00e3o da cidade, deve ser valorizado para melhor atender os juizforanos e os usu\u00e1rios das outras 93 cidades que utilizam esse equipamento p\u00fablico que \u00e9 refer\u00eancia na nossa regi\u00e3o\u201d.<\/p>\n<p>Entre as especialidades m\u00e9dicas atendidas no Pam est\u00e3o tratamento de Hipertens\u00e3o, Diabetes e Obesidade (SCHDO), Sa\u00fade da Mulher, Departamento de Pr\u00e1ticas Integrativas com Homeopatia, atendimento aos pacientes ostomizados, controle preven\u00e7\u00e3o e tratamento do tabagismo, atendimento aos pacientes com tuberculose, entre outros.<\/p>\n<p>&nbsp;<\/p>\n<p>Fonte: CMJF<\/p>\n","protected":false},"excerpt":{"rendered":"<p>A Comiss\u00e3o de Sa\u00fade P\u00fablica e Bem- Estar Social da C\u00e2mara de Juiz de Fora esteve \u00a0na manh\u00e3 desta sexta-feira, 07, no pr\u00e9dio do PAM Marechal, unidade de atendimento em especialidades m\u00e9dicas que atende cerca de 1500 pessoas por dia. A visita teve o objetivo de verificar as instala\u00e7\u00f5es e discutir poss\u00edveis solu\u00e7\u00f5es, ap\u00f3s a [&hellip;]<\/p>\n","protected":false},"author":96,"featured_media":141658,"comment_status":"closed","ping_status":"closed","sticky":false,"template":"","format":"standard","meta":{"footnotes":""},"categories":[253,436,440,439],"tags":[],"class_list":["post-141657","post","type-post","status-publish","format-standard","has-post-thumbnail","hentry","category-cidade","category-destaque-da-semana","category-destaques-do-dia","category-ultima-hora"],"_links":{"self":[{"href":"https:\/\/diarioregionaldigital.com.br\/index.php?rest_route=\/wp\/v2\/posts\/141657","targetHints":{"allow":["GET"]}}],"collection":[{"href":"https:\/\/diarioregionaldigital.com.br\/index.php?rest_route=\/wp\/v2\/posts"}],"about":[{"href":"https:\/\/diarioregionaldigital.com.br\/index.php?rest_route=\/wp\/v2\/types\/post"}],"author":[{"embeddable":true,"href":"https:\/\/diarioregionaldigital.com.br\/index.php?rest_route=\/wp\/v2\/users\/96"}],"replies":[{"embeddable":true,"href":"https:\/\/diarioregionaldigital.com.br\/index.php?rest_route=%2Fwp%2Fv2%2Fcomments&post=141657"}],"version-history":[{"count":0,"href":"https:\/\/diarioregionaldigital.com.br\/index.php?rest_route=\/wp\/v2\/posts\/141657\/revisions"}],"wp:featuredmedia":[{"embeddable":true,"href":"https:\/\/diarioregionaldigital.com.br\/index.php?rest_route=\/wp\/v2\/media\/141658"}],"wp:attachment":[{"href":"https:\/\/diarioregionaldigital.com.br\/index.php?rest_route=%2Fwp%2Fv2%2Fmedia&parent=141657"}],"wp:term":[{"taxonomy":"category","embeddable":true,"href":"https:\/\/diarioregionaldigital.com.br\/index.php?rest_route=%2Fwp%2Fv2%2Fcategories&post=141657"},{"taxonomy":"post_tag","embeddable":true,"href":"https:\/\/diarioregionaldigital.com.br\/index.php?rest_route=%2Fwp%2Fv2%2Ftags&post=141657"}],"curies":[{"name":"wp","href":"https:\/\/api.w.org\/{rel}","templated":true}]}}