{"id":141655,"date":"2019-06-08T06:00:17","date_gmt":"2019-06-08T09:00:17","guid":{"rendered":"https:\/\/diarioregionaldigital.com.br\/?p=141655"},"modified":"2019-06-07T17:57:54","modified_gmt":"2019-06-07T20:57:54","slug":"settra-realiza-interrupcoes-no-transito-para-o-bem-comum-lazer","status":"publish","type":"post","link":"https:\/\/diarioregionaldigital.com.br\/?p=141655","title":{"rendered":"Settra realiza interrup\u00e7\u00f5es no tr\u00e2nsito para o \u201cBem Comum Lazer\u201d"},"content":{"rendered":"<p>Em virtude do evento \u201cBem Comum Lazer\u201d, neste domingo, 9, das 6 \u00e0s 13 horas, a Secret\u00e1ria de Transportes e Tr\u00e2nsito (Settra) realizar\u00e1 algumas altera\u00e7\u00f5es no tr\u00e2nsito. Assim, a Avenida Bar\u00e3o do Rio Branco ter\u00e1 sua faixa central totalmente interditada entre a Rua Doutor Romualdo e a Avenida Doutor Jos\u00e9 Proc\u00f3pio Teixeira. Os \u00f4nibus que circulam no sentido Manoel Hon\u00f3rio\/Bom Pastor dever\u00e3o deixar a pista central no cruzamento com a Avenida Presidente Itamar Franco, descendo pela lateral. Os \u00f4nibus sentido Bom Pastor\/Manoel Hon\u00f3rio dever\u00e3o retomar a faixa central no cruzamento com a Rua Doutor Romualdo. Os pontos de parada nas laterais ser\u00e3o em frente aos pontos originais da pista central.<\/p>\n<p>Fonte: PJF<\/p>\n","protected":false},"excerpt":{"rendered":"<p>Em virtude do evento \u201cBem Comum Lazer\u201d, neste domingo, 9, das 6 \u00e0s 13 horas, a Secret\u00e1ria de Transportes e Tr\u00e2nsito (Settra) realizar\u00e1 algumas altera\u00e7\u00f5es no tr\u00e2nsito. Assim, a Avenida Bar\u00e3o do Rio Branco ter\u00e1 sua faixa central totalmente interditada entre a Rua Doutor Romualdo e a Avenida Doutor Jos\u00e9 Proc\u00f3pio Teixeira. Os \u00f4nibus que [&hellip;]<\/p>\n","protected":false},"author":96,"featured_media":112697,"comment_status":"closed","ping_status":"closed","sticky":false,"template":"","format":"standard","meta":{"footnotes":""},"categories":[253,436,439],"tags":[],"class_list":["post-141655","post","type-post","status-publish","format-standard","has-post-thumbnail","hentry","category-cidade","category-destaque-da-semana","category-ultima-hora"],"_links":{"self":[{"href":"https:\/\/diarioregionaldigital.com.br\/index.php?rest_route=\/wp\/v2\/posts\/141655","targetHints":{"allow":["GET"]}}],"collection":[{"href":"https:\/\/diarioregionaldigital.com.br\/index.php?rest_route=\/wp\/v2\/posts"}],"about":[{"href":"https:\/\/diarioregionaldigital.com.br\/index.php?rest_route=\/wp\/v2\/types\/post"}],"author":[{"embeddable":true,"href":"https:\/\/diarioregionaldigital.com.br\/index.php?rest_route=\/wp\/v2\/users\/96"}],"replies":[{"embeddable":true,"href":"https:\/\/diarioregionaldigital.com.br\/index.php?rest_route=%2Fwp%2Fv2%2Fcomments&post=141655"}],"version-history":[{"count":0,"href":"https:\/\/diarioregionaldigital.com.br\/index.php?rest_route=\/wp\/v2\/posts\/141655\/revisions"}],"wp:featuredmedia":[{"embeddable":true,"href":"https:\/\/diarioregionaldigital.com.br\/index.php?rest_route=\/wp\/v2\/media\/112697"}],"wp:attachment":[{"href":"https:\/\/diarioregionaldigital.com.br\/index.php?rest_route=%2Fwp%2Fv2%2Fmedia&parent=141655"}],"wp:term":[{"taxonomy":"category","embeddable":true,"href":"https:\/\/diarioregionaldigital.com.br\/index.php?rest_route=%2Fwp%2Fv2%2Fcategories&post=141655"},{"taxonomy":"post_tag","embeddable":true,"href":"https:\/\/diarioregionaldigital.com.br\/index.php?rest_route=%2Fwp%2Fv2%2Ftags&post=141655"}],"curies":[{"name":"wp","href":"https:\/\/api.w.org\/{rel}","templated":true}]}}