{"id":141648,"date":"2019-06-07T17:52:34","date_gmt":"2019-06-07T20:52:34","guid":{"rendered":"https:\/\/diarioregionaldigital.com.br\/?p=141648"},"modified":"2019-06-07T17:52:34","modified_gmt":"2019-06-07T20:52:34","slug":"mais-de-70-pessoas-participam-de-visita-noturna-ao-centro-historico-de-jf","status":"publish","type":"post","link":"https:\/\/diarioregionaldigital.com.br\/?p=141648","title":{"rendered":"Mais de 70 pessoas participam de visita noturna ao centro hist\u00f3rico de JF"},"content":{"rendered":"<p>A primeira visita guiada noturna promovida pela Divis\u00e3o de Patrim\u00f4nio Cultural (Dipac) da Funalfa reuniu mais de 70 pessoas na noite de quinta-feira, 6. Coordenado pelos historiadores Carine Muguet e Fabr\u00edcio Fernandes, o grupo percorreu as ruas principais do centro hist\u00f3rico de Juiz de Fora, recebendo informa\u00e7\u00f5es sobre a cidade, desde a funda\u00e7\u00e3o at\u00e9 a consolida\u00e7\u00e3o como polo regional da Zona da Mata Mineira.<\/p>\n<p>A visita tamb\u00e9m destacou curiosidades e aspectos arquitet\u00f4nicos de pr\u00e9dios emblem\u00e1ticos, como o Pa\u00e7o Municipal (atualmente ocupado pela Funalfa), o Cine-Theatro Central e o complexo tombado da Pra\u00e7a da Esta\u00e7\u00e3o.<\/p>\n<p>A visita foi criada a partir da demanda de alunos do Curso de Arquitetura e Urbanismo da Rede de Ensino Doctum. Como muitos alunos trabalham durante o dia, a op\u00e7\u00e3o foi oferecer um hor\u00e1rio alternativo. A visita acabou atraindo outras pessoas, como estudantes do ensino m\u00e9dio, alunos de outras faculdades, jornalistas e pessoas interessadas em conhecer o patrim\u00f4nio hist\u00f3rico e cultural da cidade.<\/p>\n<p>Diante da grande procura, a Dipac avalia a possibilidade de promover outras edi\u00e7\u00f5es da visita guiada noturna. A divis\u00e3o tamb\u00e9m oferece atendimento diurno para grupos. O servi\u00e7o \u00e9 gratuito e pode ser agendado pelo telefone 3690-7327.<\/p>\n<p>Fonte: PJF<\/p>\n","protected":false},"excerpt":{"rendered":"<p>A primeira visita guiada noturna promovida pela Divis\u00e3o de Patrim\u00f4nio Cultural (Dipac) da Funalfa reuniu mais de 70 pessoas na noite de quinta-feira, 6. Coordenado pelos historiadores Carine Muguet e Fabr\u00edcio Fernandes, o grupo percorreu as ruas principais do centro hist\u00f3rico de Juiz de Fora, recebendo informa\u00e7\u00f5es sobre a cidade, desde a funda\u00e7\u00e3o at\u00e9 a [&hellip;]<\/p>\n","protected":false},"author":96,"featured_media":141649,"comment_status":"closed","ping_status":"closed","sticky":false,"template":"","format":"standard","meta":{"footnotes":""},"categories":[253,436,439],"tags":[],"class_list":["post-141648","post","type-post","status-publish","format-standard","has-post-thumbnail","hentry","category-cidade","category-destaque-da-semana","category-ultima-hora"],"_links":{"self":[{"href":"https:\/\/diarioregionaldigital.com.br\/index.php?rest_route=\/wp\/v2\/posts\/141648","targetHints":{"allow":["GET"]}}],"collection":[{"href":"https:\/\/diarioregionaldigital.com.br\/index.php?rest_route=\/wp\/v2\/posts"}],"about":[{"href":"https:\/\/diarioregionaldigital.com.br\/index.php?rest_route=\/wp\/v2\/types\/post"}],"author":[{"embeddable":true,"href":"https:\/\/diarioregionaldigital.com.br\/index.php?rest_route=\/wp\/v2\/users\/96"}],"replies":[{"embeddable":true,"href":"https:\/\/diarioregionaldigital.com.br\/index.php?rest_route=%2Fwp%2Fv2%2Fcomments&post=141648"}],"version-history":[{"count":0,"href":"https:\/\/diarioregionaldigital.com.br\/index.php?rest_route=\/wp\/v2\/posts\/141648\/revisions"}],"wp:featuredmedia":[{"embeddable":true,"href":"https:\/\/diarioregionaldigital.com.br\/index.php?rest_route=\/wp\/v2\/media\/141649"}],"wp:attachment":[{"href":"https:\/\/diarioregionaldigital.com.br\/index.php?rest_route=%2Fwp%2Fv2%2Fmedia&parent=141648"}],"wp:term":[{"taxonomy":"category","embeddable":true,"href":"https:\/\/diarioregionaldigital.com.br\/index.php?rest_route=%2Fwp%2Fv2%2Fcategories&post=141648"},{"taxonomy":"post_tag","embeddable":true,"href":"https:\/\/diarioregionaldigital.com.br\/index.php?rest_route=%2Fwp%2Fv2%2Ftags&post=141648"}],"curies":[{"name":"wp","href":"https:\/\/api.w.org\/{rel}","templated":true}]}}