{"id":141645,"date":"2019-06-08T06:00:06","date_gmt":"2019-06-08T09:00:06","guid":{"rendered":"https:\/\/diarioregionaldigital.com.br\/?p=141645"},"modified":"2019-06-07T17:50:37","modified_gmt":"2019-06-07T20:50:37","slug":"inflacao-pelo-igp-di-cai-de-09-para-04","status":"publish","type":"post","link":"https:\/\/diarioregionaldigital.com.br\/?p=141645","title":{"rendered":"Infla\u00e7\u00e3o pelo IGP-DI cai de 0,9% para 0,4%"},"content":{"rendered":"<p>O \u00cdndice Geral de Pre\u00e7os \u2013 Disponibilidade Interna (IGP-DI), medido pela Funda\u00e7\u00e3o Get\u00falio Vargas (FGV), registrou infla\u00e7\u00e3o de 0,4% em maio. A taxa \u00e9 menor que a apurada em abril (0,9%). O IGP-DI acumula 3,75% no ano e 6,93% em 12 meses.<\/p>\n<p>A queda da taxa de abril para maio foi provocada pelos tr\u00eas sub\u00edndices que comp\u00f5em o IGP-DI. A infla\u00e7\u00e3o do \u00cdndice de Pre\u00e7os ao Produtor Amplo, que mede o varejo, caiu de 1,09% em abril para 0,52% em maio.<\/p>\n<p>O \u00cdndice de Pre\u00e7os ao Consumidor, que analisa o varejo, recuou de 0,63% para 0,22%. J\u00e1 o \u00cdndice Nacional de Custo da Constru\u00e7\u00e3o caiu de 0,38% em abril para 0,03% em maio.<\/p>\n<p>Fonte: Ag\u00eancia Brasil<\/p>\n","protected":false},"excerpt":{"rendered":"<p>O \u00cdndice Geral de Pre\u00e7os \u2013 Disponibilidade Interna (IGP-DI), medido pela Funda\u00e7\u00e3o Get\u00falio Vargas (FGV), registrou infla\u00e7\u00e3o de 0,4% em maio. A taxa \u00e9 menor que a apurada em abril (0,9%). O IGP-DI acumula 3,75% no ano e 6,93% em 12 meses. A queda da taxa de abril para maio foi provocada pelos tr\u00eas sub\u00edndices [&hellip;]<\/p>\n","protected":false},"author":96,"featured_media":141646,"comment_status":"closed","ping_status":"closed","sticky":false,"template":"","format":"standard","meta":{"footnotes":""},"categories":[436,261,439],"tags":[],"class_list":["post-141645","post","type-post","status-publish","format-standard","has-post-thumbnail","hentry","category-destaque-da-semana","category-economia","category-ultima-hora"],"_links":{"self":[{"href":"https:\/\/diarioregionaldigital.com.br\/index.php?rest_route=\/wp\/v2\/posts\/141645","targetHints":{"allow":["GET"]}}],"collection":[{"href":"https:\/\/diarioregionaldigital.com.br\/index.php?rest_route=\/wp\/v2\/posts"}],"about":[{"href":"https:\/\/diarioregionaldigital.com.br\/index.php?rest_route=\/wp\/v2\/types\/post"}],"author":[{"embeddable":true,"href":"https:\/\/diarioregionaldigital.com.br\/index.php?rest_route=\/wp\/v2\/users\/96"}],"replies":[{"embeddable":true,"href":"https:\/\/diarioregionaldigital.com.br\/index.php?rest_route=%2Fwp%2Fv2%2Fcomments&post=141645"}],"version-history":[{"count":0,"href":"https:\/\/diarioregionaldigital.com.br\/index.php?rest_route=\/wp\/v2\/posts\/141645\/revisions"}],"wp:featuredmedia":[{"embeddable":true,"href":"https:\/\/diarioregionaldigital.com.br\/index.php?rest_route=\/wp\/v2\/media\/141646"}],"wp:attachment":[{"href":"https:\/\/diarioregionaldigital.com.br\/index.php?rest_route=%2Fwp%2Fv2%2Fmedia&parent=141645"}],"wp:term":[{"taxonomy":"category","embeddable":true,"href":"https:\/\/diarioregionaldigital.com.br\/index.php?rest_route=%2Fwp%2Fv2%2Fcategories&post=141645"},{"taxonomy":"post_tag","embeddable":true,"href":"https:\/\/diarioregionaldigital.com.br\/index.php?rest_route=%2Fwp%2Fv2%2Ftags&post=141645"}],"curies":[{"name":"wp","href":"https:\/\/api.w.org\/{rel}","templated":true}]}}