{"id":141643,"date":"2019-06-08T06:00:27","date_gmt":"2019-06-08T09:00:27","guid":{"rendered":"https:\/\/diarioregionaldigital.com.br\/?p=141643"},"modified":"2019-06-07T17:48:45","modified_gmt":"2019-06-07T20:48:45","slug":"campanha-para-divulgacao-do-novo-cadastro-positivo-comeca-na-segunda","status":"publish","type":"post","link":"https:\/\/diarioregionaldigital.com.br\/?p=141643","title":{"rendered":"Campanha para divulga\u00e7\u00e3o do novo cadastro positivo come\u00e7a na segunda"},"content":{"rendered":"<p>A partir de segunda-feira (10) come\u00e7a a campanha nacional para divulga\u00e7\u00e3o do cadastro positivo. Os comerciais institucionais ser\u00e3o veiculados por um m\u00eas em TVs e r\u00e1dio para esclarecer a popula\u00e7\u00e3o sobre o funcionamento do sistema. A campanha ser\u00e1 promovida pela Associa\u00e7\u00e3o Nacional dos Bureaus de Cr\u00e9dito.<\/p>\n<p>A lei que institui o novo cadastro foi\u00a0sancionada em abril. O banco de dados que apresenta uma avalia\u00e7\u00e3o de risco de pessoas f\u00edsicas e empresas para contrair empr\u00e9stimos existe desde 2011. No entanto, com a nova legisla\u00e7\u00e3o, a ades\u00e3o passa ser autom\u00e1tica, enquanto at\u00e9 o momento era volunt\u00e1ria. O sistema ser\u00e1 operado por institui\u00e7\u00f5es autorizadas pelo Banco Central.<\/p>\n<p>A estimativa \u00e9 que, com a mudan\u00e7a, o servi\u00e7o passe de 6 milh\u00f5es de cadastros para at\u00e9 130 milh\u00f5es. Cada consumidor ter\u00e1 uma nota elaborada a partir do hist\u00f3rico de pagamentos de contas e d\u00edvidas. Com isso, pessoas e empresas bem avaliadas poder\u00e3o ter acesso facilitado a cr\u00e9dito e, eventualmente, com taxas menores.<\/p>\n<p>A campanha informativa ficar\u00e1 no ar at\u00e9 o dia 9 de julho. Depois dessa data, todos os consumidores ser\u00e3o inclu\u00eddos automaticamente no sistema, por\u00e9m, ser\u00e1 poss\u00edvel fazer um pedido de exclus\u00e3o em qualquer momento. As informa\u00e7\u00f5es sobre o hist\u00f3rico de pagamento de pessoas f\u00edsicas e empresas s\u00f3 poder\u00e3o ser usadas para a avalia\u00e7\u00e3o para concess\u00e3o de cr\u00e9dito.<\/p>\n<p>Na composi\u00e7\u00e3o da nota atribu\u00edda aos consumidores n\u00e3o ser\u00e3o inclu\u00eddos elementos relacionados \u00e0 origem social, etnia, sa\u00fade, informa\u00e7\u00f5es gen\u00e9ticas, sexo, e convic\u00e7\u00f5es pol\u00edticas, religiosas e filos\u00f3ficas.<\/p>\n<p>De acordo com o Banco Mundial, a nova lei pode reduzir em at\u00e9 45% a inadimpl\u00eancia no pa\u00eds, que atualmente atinge mais de 60 milh\u00f5es de pessoas.<\/p>\n<p>Fonte: Ag\u00eancia Brasil<\/p>\n","protected":false},"excerpt":{"rendered":"<p>A partir de segunda-feira (10) come\u00e7a a campanha nacional para divulga\u00e7\u00e3o do cadastro positivo. Os comerciais institucionais ser\u00e3o veiculados por um m\u00eas em TVs e r\u00e1dio para esclarecer a popula\u00e7\u00e3o sobre o funcionamento do sistema. A campanha ser\u00e1 promovida pela Associa\u00e7\u00e3o Nacional dos Bureaus de Cr\u00e9dito. A lei que institui o novo cadastro foi\u00a0sancionada em [&hellip;]<\/p>\n","protected":false},"author":96,"featured_media":105072,"comment_status":"closed","ping_status":"closed","sticky":false,"template":"","format":"standard","meta":{"footnotes":""},"categories":[436,261,439],"tags":[],"class_list":["post-141643","post","type-post","status-publish","format-standard","has-post-thumbnail","hentry","category-destaque-da-semana","category-economia","category-ultima-hora"],"_links":{"self":[{"href":"https:\/\/diarioregionaldigital.com.br\/index.php?rest_route=\/wp\/v2\/posts\/141643","targetHints":{"allow":["GET"]}}],"collection":[{"href":"https:\/\/diarioregionaldigital.com.br\/index.php?rest_route=\/wp\/v2\/posts"}],"about":[{"href":"https:\/\/diarioregionaldigital.com.br\/index.php?rest_route=\/wp\/v2\/types\/post"}],"author":[{"embeddable":true,"href":"https:\/\/diarioregionaldigital.com.br\/index.php?rest_route=\/wp\/v2\/users\/96"}],"replies":[{"embeddable":true,"href":"https:\/\/diarioregionaldigital.com.br\/index.php?rest_route=%2Fwp%2Fv2%2Fcomments&post=141643"}],"version-history":[{"count":0,"href":"https:\/\/diarioregionaldigital.com.br\/index.php?rest_route=\/wp\/v2\/posts\/141643\/revisions"}],"wp:featuredmedia":[{"embeddable":true,"href":"https:\/\/diarioregionaldigital.com.br\/index.php?rest_route=\/wp\/v2\/media\/105072"}],"wp:attachment":[{"href":"https:\/\/diarioregionaldigital.com.br\/index.php?rest_route=%2Fwp%2Fv2%2Fmedia&parent=141643"}],"wp:term":[{"taxonomy":"category","embeddable":true,"href":"https:\/\/diarioregionaldigital.com.br\/index.php?rest_route=%2Fwp%2Fv2%2Fcategories&post=141643"},{"taxonomy":"post_tag","embeddable":true,"href":"https:\/\/diarioregionaldigital.com.br\/index.php?rest_route=%2Fwp%2Fv2%2Ftags&post=141643"}],"curies":[{"name":"wp","href":"https:\/\/api.w.org\/{rel}","templated":true}]}}