{"id":141641,"date":"2019-06-08T06:00:31","date_gmt":"2019-06-08T09:00:31","guid":{"rendered":"https:\/\/diarioregionaldigital.com.br\/?p=141641"},"modified":"2019-06-07T17:47:15","modified_gmt":"2019-06-07T20:47:15","slug":"investimentos-crescem-05-em-abril","status":"publish","type":"post","link":"https:\/\/diarioregionaldigital.com.br\/?p=141641","title":{"rendered":"Investimentos crescem 0,5% em abril"},"content":{"rendered":"<p>Os investimentos aumentaram 0,5% em abril, na compara\u00e7\u00e3o com o m\u00eas anterior. \u00c9 o que mostra o Indicador Ipea Mensal de Forma\u00e7\u00e3o Bruta de Capital Fixo (FBCF), na s\u00e9rie com ajuste sazonal.<\/p>\n<p>Na compara\u00e7\u00e3o com o mesmo m\u00eas do ano passado, por\u00e9m, houve queda de 0,9%. No acumulado em 12 meses, os investimentos desaceleraram, com a taxa de crescimento passando de 3,7% em mar\u00e7o para 2,7% em abril.<\/p>\n<p>O Instituto de Pesquisa Econ\u00f4mica Aplicada (Ipea) explica que o FBCF \u00e9 um dos componentes do Produto Interno Bruto (PIB), soma de todos os bens e servi\u00e7os produzidos no pa\u00eds.Esse indicador mostra o quanto as empresas aumentaram a capacidade produtiva e se os empres\u00e1rios est\u00e3o confiantes no futuro.<\/p>\n<h2>Constru\u00e7\u00e3o civil<\/h2>\n<p>Segundo o Ipea, o item constru\u00e7\u00e3o civil foi o destaque positivo, com crescimento de 1% em abril em rela\u00e7\u00e3o ao m\u00eas de mar\u00e7o deste ano. Ainda assim, o setor encerrou o trimestre terminado em abril com retra\u00e7\u00e3o de 0,7% em rela\u00e7\u00e3o ao per\u00edodo imediatamente anterior.<\/p>\n<p>O consumo aparente de m\u00e1quinas e equipamentos (Came) \u2013 cuja estimativa corresponde \u00e0 produ\u00e7\u00e3o interna, descontadas as exporta\u00e7\u00f5es e acrescidas as importa\u00e7\u00f5es \u2013 avan\u00e7ou 0,3%. O terceiro componente da FBCF, classificado como \u201coutros ativos fixos\u201d, tamb\u00e9m contribuiu positivamente para o desempenho dos investimentos em abril, registrando avan\u00e7o de 0,5%.<\/p>\n<p>De acordo o Ipea, quando comparado a abril de 2018, o fraco desempenho da FBCF foi disseminado. Com exce\u00e7\u00e3o do componente outros ativos fixos, que cresceu 6,4%, todos os demais registraram varia\u00e7\u00e3o negativa. Tanto o Came quanto a constru\u00e7\u00e3o civil recuaram 2,1% em rela\u00e7\u00e3o a abril do ano passado.<\/p>\n<p>Fonte: Ag\u00eancia Brasil<\/p>\n","protected":false},"excerpt":{"rendered":"<p>Os investimentos aumentaram 0,5% em abril, na compara\u00e7\u00e3o com o m\u00eas anterior. \u00c9 o que mostra o Indicador Ipea Mensal de Forma\u00e7\u00e3o Bruta de Capital Fixo (FBCF), na s\u00e9rie com ajuste sazonal. Na compara\u00e7\u00e3o com o mesmo m\u00eas do ano passado, por\u00e9m, houve queda de 0,9%. No acumulado em 12 meses, os investimentos desaceleraram, com [&hellip;]<\/p>\n","protected":false},"author":96,"featured_media":105072,"comment_status":"closed","ping_status":"closed","sticky":false,"template":"","format":"standard","meta":{"footnotes":""},"categories":[436,261,439],"tags":[],"class_list":["post-141641","post","type-post","status-publish","format-standard","has-post-thumbnail","hentry","category-destaque-da-semana","category-economia","category-ultima-hora"],"_links":{"self":[{"href":"https:\/\/diarioregionaldigital.com.br\/index.php?rest_route=\/wp\/v2\/posts\/141641","targetHints":{"allow":["GET"]}}],"collection":[{"href":"https:\/\/diarioregionaldigital.com.br\/index.php?rest_route=\/wp\/v2\/posts"}],"about":[{"href":"https:\/\/diarioregionaldigital.com.br\/index.php?rest_route=\/wp\/v2\/types\/post"}],"author":[{"embeddable":true,"href":"https:\/\/diarioregionaldigital.com.br\/index.php?rest_route=\/wp\/v2\/users\/96"}],"replies":[{"embeddable":true,"href":"https:\/\/diarioregionaldigital.com.br\/index.php?rest_route=%2Fwp%2Fv2%2Fcomments&post=141641"}],"version-history":[{"count":0,"href":"https:\/\/diarioregionaldigital.com.br\/index.php?rest_route=\/wp\/v2\/posts\/141641\/revisions"}],"wp:featuredmedia":[{"embeddable":true,"href":"https:\/\/diarioregionaldigital.com.br\/index.php?rest_route=\/wp\/v2\/media\/105072"}],"wp:attachment":[{"href":"https:\/\/diarioregionaldigital.com.br\/index.php?rest_route=%2Fwp%2Fv2%2Fmedia&parent=141641"}],"wp:term":[{"taxonomy":"category","embeddable":true,"href":"https:\/\/diarioregionaldigital.com.br\/index.php?rest_route=%2Fwp%2Fv2%2Fcategories&post=141641"},{"taxonomy":"post_tag","embeddable":true,"href":"https:\/\/diarioregionaldigital.com.br\/index.php?rest_route=%2Fwp%2Fv2%2Ftags&post=141641"}],"curies":[{"name":"wp","href":"https:\/\/api.w.org\/{rel}","templated":true}]}}