{"id":141639,"date":"2019-06-08T06:00:58","date_gmt":"2019-06-08T09:00:58","guid":{"rendered":"https:\/\/diarioregionaldigital.com.br\/?p=141639"},"modified":"2019-06-07T17:45:20","modified_gmt":"2019-06-07T20:45:20","slug":"trump-diz-que-ha-boa-chance-de-eua-chegarem-a-acordo-com-mexico","status":"publish","type":"post","link":"https:\/\/diarioregionaldigital.com.br\/?p=141639","title":{"rendered":"Trump diz que h\u00e1 boa chance de EUA chegarem a acordo com M\u00e9xico"},"content":{"rendered":"<p>O presidente dos Estados Unidos, Donald Trump, afirmou nesta sexta-feira (7) que h\u00e1 &#8220;boa chance&#8221; de os EUA fecharem um acordo com o M\u00e9xico, mas que se os dois pa\u00edses falharem uma tarifa de 5% ser\u00e1 imposta sobre os produtos mexicanos na segunda-feira (10).<\/p>\n<p>&#8220;Se conseguirmos fazer um acordo com o M\u00e9xico, e h\u00e1 uma boa chance de que faremos, eles come\u00e7ar\u00e3o a comprar produtos agr\u00edcolas em n\u00edveis bastante altos, come\u00e7ando imediatamente&#8221;, escreveu Trump no Twitter.<\/p>\n<p>&#8220;Se n\u00e3o conseguirmos fazer o acordo, o M\u00e9xico come\u00e7ar\u00e1 pagando tarifas de 5% na segunda-feira!&#8221;<\/p>\n<p>Fonte: Ag\u00eancia Brasil<\/p>\n","protected":false},"excerpt":{"rendered":"<p>O presidente dos Estados Unidos, Donald Trump, afirmou nesta sexta-feira (7) que h\u00e1 &#8220;boa chance&#8221; de os EUA fecharem um acordo com o M\u00e9xico, mas que se os dois pa\u00edses falharem uma tarifa de 5% ser\u00e1 imposta sobre os produtos mexicanos na segunda-feira (10). &#8220;Se conseguirmos fazer um acordo com o M\u00e9xico, e h\u00e1 uma [&hellip;]<\/p>\n","protected":false},"author":96,"featured_media":141566,"comment_status":"closed","ping_status":"closed","sticky":false,"template":"","format":"standard","meta":{"footnotes":""},"categories":[302,436,439],"tags":[],"class_list":["post-141639","post","type-post","status-publish","format-standard","has-post-thumbnail","hentry","category-brasil-mundo","category-destaque-da-semana","category-ultima-hora"],"_links":{"self":[{"href":"https:\/\/diarioregionaldigital.com.br\/index.php?rest_route=\/wp\/v2\/posts\/141639","targetHints":{"allow":["GET"]}}],"collection":[{"href":"https:\/\/diarioregionaldigital.com.br\/index.php?rest_route=\/wp\/v2\/posts"}],"about":[{"href":"https:\/\/diarioregionaldigital.com.br\/index.php?rest_route=\/wp\/v2\/types\/post"}],"author":[{"embeddable":true,"href":"https:\/\/diarioregionaldigital.com.br\/index.php?rest_route=\/wp\/v2\/users\/96"}],"replies":[{"embeddable":true,"href":"https:\/\/diarioregionaldigital.com.br\/index.php?rest_route=%2Fwp%2Fv2%2Fcomments&post=141639"}],"version-history":[{"count":0,"href":"https:\/\/diarioregionaldigital.com.br\/index.php?rest_route=\/wp\/v2\/posts\/141639\/revisions"}],"wp:featuredmedia":[{"embeddable":true,"href":"https:\/\/diarioregionaldigital.com.br\/index.php?rest_route=\/wp\/v2\/media\/141566"}],"wp:attachment":[{"href":"https:\/\/diarioregionaldigital.com.br\/index.php?rest_route=%2Fwp%2Fv2%2Fmedia&parent=141639"}],"wp:term":[{"taxonomy":"category","embeddable":true,"href":"https:\/\/diarioregionaldigital.com.br\/index.php?rest_route=%2Fwp%2Fv2%2Fcategories&post=141639"},{"taxonomy":"post_tag","embeddable":true,"href":"https:\/\/diarioregionaldigital.com.br\/index.php?rest_route=%2Fwp%2Fv2%2Ftags&post=141639"}],"curies":[{"name":"wp","href":"https:\/\/api.w.org\/{rel}","templated":true}]}}