{"id":141637,"date":"2019-06-08T06:00:57","date_gmt":"2019-06-08T09:00:57","guid":{"rendered":"https:\/\/diarioregionaldigital.com.br\/?p=141637"},"modified":"2019-06-07T17:43:47","modified_gmt":"2019-06-07T20:43:47","slug":"uruguai-apoia-ingresso-do-brasil-como-membro-nao-permanente-da-onu","status":"publish","type":"post","link":"https:\/\/diarioregionaldigital.com.br\/?p=141637","title":{"rendered":"Uruguai apoia ingresso do Brasil como membro n\u00e3o permanente da ONU"},"content":{"rendered":"<p>O Uruguai anunciou nessa sexta-feira, 7, apoio formal ao ingresso do Brasil como membro n\u00e3o permanente do Conselho de Seguran\u00e7a das Na\u00e7\u00f5es Unidas, para um mandato de 2 anos, no per\u00edodo de 2022 a 2023. O Conselho \u00e9 composto por 15 membros, sendo 5 membros permanentes com poder de veto: os Estados Unidos, a Fran\u00e7a, o Reino Unido, a R\u00fassia e a China. Os demais dez membros s\u00e3o eleitos pela Assembleia Geral para mandatos de dois anos.<\/p>\n<p>\u201cA voz da Am\u00e9rica Latina precisa estar presente [no mundo] e \u00e9 bom que esta voz seja a de um pa\u00eds irm\u00e3o como o Brasil\u201d, disse o ministro das Rela\u00e7\u00f5es Exteriores do Uruguai, Rodolfo Nin Novoa, ao participar, juntamente com o chanceler brasileiro Ernesto Ara\u00fajo, de cerim\u00f4nia de assinatura de acordo para eliminar a bitributa\u00e7\u00e3o do com\u00e9rcio entre os dois pa\u00edses. O acordo n\u00e3o s\u00f3 elimina a dupla tributa\u00e7\u00e3o, como tamb\u00e9m previne a evas\u00e3o fiscal nas transa\u00e7\u00f5es de empresas uruguaias e brasileiras.<\/p>\n<p>O chanceler Ernesto Ara\u00fajo disse que, pessoalmente, tem \u201cimenso carinho\u201d pelo Uruguai. Ele ressaltou que a visita do ministro Rodolfo Nin Novoa \u00e9 a primeira ao Brasil de um chanceler uruguaio em dois anos. \u201cTemos uma boa base para apresentar ideias e iniciativas, como a rediscuss\u00e3o do Mercosul, e a nova vis\u00e3o da regi\u00e3o e do mundo\u201d, disse.<\/p>\n<p>O Brasil \u00e9 o principal fornecedor de bens e o segundo maior parceiro comercial do Uruguai. Em 2018, o interc\u00e2mbio comercial aumentou 13,5% em rela\u00e7\u00e3o ao ano anterior, alcan\u00e7ando US$ 4,2 bilh\u00f5es, com super\u00e1vit brasileiro de US$ 1,8 bilh\u00e3o.<\/p>\n<p>Fonte: Ag\u00eancia Brasil<\/p>\n","protected":false},"excerpt":{"rendered":"<p>O Uruguai anunciou nessa sexta-feira, 7, apoio formal ao ingresso do Brasil como membro n\u00e3o permanente do Conselho de Seguran\u00e7a das Na\u00e7\u00f5es Unidas, para um mandato de 2 anos, no per\u00edodo de 2022 a 2023. O Conselho \u00e9 composto por 15 membros, sendo 5 membros permanentes com poder de veto: os Estados Unidos, a Fran\u00e7a, [&hellip;]<\/p>\n","protected":false},"author":96,"featured_media":97709,"comment_status":"closed","ping_status":"closed","sticky":false,"template":"","format":"standard","meta":{"footnotes":""},"categories":[302,436,439],"tags":[],"class_list":["post-141637","post","type-post","status-publish","format-standard","has-post-thumbnail","hentry","category-brasil-mundo","category-destaque-da-semana","category-ultima-hora"],"_links":{"self":[{"href":"https:\/\/diarioregionaldigital.com.br\/index.php?rest_route=\/wp\/v2\/posts\/141637","targetHints":{"allow":["GET"]}}],"collection":[{"href":"https:\/\/diarioregionaldigital.com.br\/index.php?rest_route=\/wp\/v2\/posts"}],"about":[{"href":"https:\/\/diarioregionaldigital.com.br\/index.php?rest_route=\/wp\/v2\/types\/post"}],"author":[{"embeddable":true,"href":"https:\/\/diarioregionaldigital.com.br\/index.php?rest_route=\/wp\/v2\/users\/96"}],"replies":[{"embeddable":true,"href":"https:\/\/diarioregionaldigital.com.br\/index.php?rest_route=%2Fwp%2Fv2%2Fcomments&post=141637"}],"version-history":[{"count":0,"href":"https:\/\/diarioregionaldigital.com.br\/index.php?rest_route=\/wp\/v2\/posts\/141637\/revisions"}],"wp:featuredmedia":[{"embeddable":true,"href":"https:\/\/diarioregionaldigital.com.br\/index.php?rest_route=\/wp\/v2\/media\/97709"}],"wp:attachment":[{"href":"https:\/\/diarioregionaldigital.com.br\/index.php?rest_route=%2Fwp%2Fv2%2Fmedia&parent=141637"}],"wp:term":[{"taxonomy":"category","embeddable":true,"href":"https:\/\/diarioregionaldigital.com.br\/index.php?rest_route=%2Fwp%2Fv2%2Fcategories&post=141637"},{"taxonomy":"post_tag","embeddable":true,"href":"https:\/\/diarioregionaldigital.com.br\/index.php?rest_route=%2Fwp%2Fv2%2Ftags&post=141637"}],"curies":[{"name":"wp","href":"https:\/\/api.w.org\/{rel}","templated":true}]}}