{"id":141635,"date":"2019-06-08T06:00:25","date_gmt":"2019-06-08T09:00:25","guid":{"rendered":"https:\/\/diarioregionaldigital.com.br\/?p=141635"},"modified":"2019-06-07T17:41:46","modified_gmt":"2019-06-07T20:41:46","slug":"dodge-diz-estar-a-disposicao-de-bolsonaro-para-eventual-reconducao","status":"publish","type":"post","link":"https:\/\/diarioregionaldigital.com.br\/?p=141635","title":{"rendered":"Dodge diz estar \u00e0 disposi\u00e7\u00e3o de Bolsonaro para &#8216;eventual&#8217; recondu\u00e7\u00e3o"},"content":{"rendered":"<p>A procuradora-geral da Rep\u00fablica, Raquel Dodge, disse na sexta-feira, 7, que est\u00e1 \u201c\u00e0 disposi\u00e7\u00e3o\u201d para uma eventual recondu\u00e7\u00e3o ao cargo de chefe do Minist\u00e9rio P\u00fablico Federal. Ela disse que n\u00e3o tem feito nenhuma articula\u00e7\u00e3o para se manter no cargo, mas que a perman\u00eancia seria bem-vinda. O mandato de Raquel Dodge na PGR termina em setembro. Questionada se conversou com o presidente Jair Bolsonaro sobre o tema, a chefe do MP negou.<\/p>\n<p>Raquel Dodge disse que a considera\u00e7\u00e3o, ou n\u00e3o, da lista tr\u00edplice enviada pela Associa\u00e7\u00e3o Nacional dos Procuradores da Rep\u00fablica (ANPR) ao Presidente da Rep\u00fablica \u00e9 uma prerrogativa do chefe do Executivo. \u201c\u00c9 uma decis\u00e3o do presidente, definida na Constitui\u00e7\u00e3o\u201d, disse.<\/p>\n<p>A procuradora-geral foi indicada para o cargo pelo ent\u00e3o presidente Michel Temer, em 2017. Ela ficou em segundo lugar pela indica\u00e7\u00e3o dos pares.<\/p>\n<p>A lista tr\u00edplice foi criada em 2001 e \u00e9 defendida pelos procuradores como um dos principais instrumentos de autonomia da carreira. De acordo com a Constitui\u00e7\u00e3o, o presidente da Rep\u00fablica pode escolher qualquer um dos procuradores em atividade para o comando da PGR. De 2003 a 2017, o nomeado foi o mais votado pelos membros da ANPR.<\/p>\n<p>Raquel Dodge participou da abertura da 4\u00aa Confer\u00eancia Regional de Promotoras e Procuradoras de Justi\u00e7a dos Minist\u00e9rios P\u00fablicos Estaduais da Regi\u00e3o Sudeste, na capital paulista. A inciativa tem como objetivo colher diagn\u00f3sticos e promover a troca de boas pr\u00e1ticas e experi\u00eancias referentes \u00e0 equidade de g\u00eanero no sistema de Justi\u00e7a brasileiro.<\/p>\n<p>&nbsp;<\/p>\n<p>Fonte: Ag\u00eancia Brasil<\/p>\n","protected":false},"excerpt":{"rendered":"<p>A procuradora-geral da Rep\u00fablica, Raquel Dodge, disse na sexta-feira, 7, que est\u00e1 \u201c\u00e0 disposi\u00e7\u00e3o\u201d para uma eventual recondu\u00e7\u00e3o ao cargo de chefe do Minist\u00e9rio P\u00fablico Federal. Ela disse que n\u00e3o tem feito nenhuma articula\u00e7\u00e3o para se manter no cargo, mas que a perman\u00eancia seria bem-vinda. O mandato de Raquel Dodge na PGR termina em setembro. [&hellip;]<\/p>\n","protected":false},"author":96,"featured_media":139494,"comment_status":"closed","ping_status":"closed","sticky":false,"template":"","format":"standard","meta":{"footnotes":""},"categories":[302,436,439],"tags":[],"class_list":["post-141635","post","type-post","status-publish","format-standard","has-post-thumbnail","hentry","category-brasil-mundo","category-destaque-da-semana","category-ultima-hora"],"_links":{"self":[{"href":"https:\/\/diarioregionaldigital.com.br\/index.php?rest_route=\/wp\/v2\/posts\/141635","targetHints":{"allow":["GET"]}}],"collection":[{"href":"https:\/\/diarioregionaldigital.com.br\/index.php?rest_route=\/wp\/v2\/posts"}],"about":[{"href":"https:\/\/diarioregionaldigital.com.br\/index.php?rest_route=\/wp\/v2\/types\/post"}],"author":[{"embeddable":true,"href":"https:\/\/diarioregionaldigital.com.br\/index.php?rest_route=\/wp\/v2\/users\/96"}],"replies":[{"embeddable":true,"href":"https:\/\/diarioregionaldigital.com.br\/index.php?rest_route=%2Fwp%2Fv2%2Fcomments&post=141635"}],"version-history":[{"count":0,"href":"https:\/\/diarioregionaldigital.com.br\/index.php?rest_route=\/wp\/v2\/posts\/141635\/revisions"}],"wp:featuredmedia":[{"embeddable":true,"href":"https:\/\/diarioregionaldigital.com.br\/index.php?rest_route=\/wp\/v2\/media\/139494"}],"wp:attachment":[{"href":"https:\/\/diarioregionaldigital.com.br\/index.php?rest_route=%2Fwp%2Fv2%2Fmedia&parent=141635"}],"wp:term":[{"taxonomy":"category","embeddable":true,"href":"https:\/\/diarioregionaldigital.com.br\/index.php?rest_route=%2Fwp%2Fv2%2Fcategories&post=141635"},{"taxonomy":"post_tag","embeddable":true,"href":"https:\/\/diarioregionaldigital.com.br\/index.php?rest_route=%2Fwp%2Fv2%2Ftags&post=141635"}],"curies":[{"name":"wp","href":"https:\/\/api.w.org\/{rel}","templated":true}]}}