{"id":141632,"date":"2019-06-07T12:04:58","date_gmt":"2019-06-07T15:04:58","guid":{"rendered":"https:\/\/diarioregionaldigital.com.br\/?p=141632"},"modified":"2019-06-07T15:07:53","modified_gmt":"2019-06-07T18:07:53","slug":"rua-oscar-vidal-sera-interditada-para-obras-neste-sabado","status":"publish","type":"post","link":"https:\/\/diarioregionaldigital.com.br\/?p=141632","title":{"rendered":"Rua Oscar Vidal ser\u00e1 interditada para obras neste s\u00e1bado"},"content":{"rendered":"<p>&nbsp;<\/p>\n<p>Para a demoli\u00e7\u00e3o de um im\u00f3vel neste s\u00e1bado, 8, a Rua Oscar Vidal ser\u00e1 interditada, a partir das 15 horas, at\u00e9 o t\u00e9rmino das obras. A via ser\u00e1 fechada totalmente no trecho entre as ruas Santo Ant\u00f4nio e Francisco Vale.<\/p>\n<p>Agentes da Secretaria de Transportes e Tr\u00e2nsito (Settra) poder\u00e3o controlar o tr\u00e2nsito no local, se necess\u00e1rio.<\/p>\n","protected":false},"excerpt":{"rendered":"<p>&nbsp; Para a demoli\u00e7\u00e3o de um im\u00f3vel neste s\u00e1bado, 8, a Rua Oscar Vidal ser\u00e1 interditada, a partir das 15 horas, at\u00e9 o t\u00e9rmino das obras. A via ser\u00e1 fechada totalmente no trecho entre as ruas Santo Ant\u00f4nio e Francisco Vale. Agentes da Secretaria de Transportes e Tr\u00e2nsito (Settra) poder\u00e3o controlar o tr\u00e2nsito no local, [&hellip;]<\/p>\n","protected":false},"author":96,"featured_media":141633,"comment_status":"closed","ping_status":"closed","sticky":false,"template":"","format":"standard","meta":{"footnotes":""},"categories":[253,436,440,439],"tags":[],"class_list":["post-141632","post","type-post","status-publish","format-standard","has-post-thumbnail","hentry","category-cidade","category-destaque-da-semana","category-destaques-do-dia","category-ultima-hora"],"_links":{"self":[{"href":"https:\/\/diarioregionaldigital.com.br\/index.php?rest_route=\/wp\/v2\/posts\/141632","targetHints":{"allow":["GET"]}}],"collection":[{"href":"https:\/\/diarioregionaldigital.com.br\/index.php?rest_route=\/wp\/v2\/posts"}],"about":[{"href":"https:\/\/diarioregionaldigital.com.br\/index.php?rest_route=\/wp\/v2\/types\/post"}],"author":[{"embeddable":true,"href":"https:\/\/diarioregionaldigital.com.br\/index.php?rest_route=\/wp\/v2\/users\/96"}],"replies":[{"embeddable":true,"href":"https:\/\/diarioregionaldigital.com.br\/index.php?rest_route=%2Fwp%2Fv2%2Fcomments&post=141632"}],"version-history":[{"count":0,"href":"https:\/\/diarioregionaldigital.com.br\/index.php?rest_route=\/wp\/v2\/posts\/141632\/revisions"}],"wp:featuredmedia":[{"embeddable":true,"href":"https:\/\/diarioregionaldigital.com.br\/index.php?rest_route=\/wp\/v2\/media\/141633"}],"wp:attachment":[{"href":"https:\/\/diarioregionaldigital.com.br\/index.php?rest_route=%2Fwp%2Fv2%2Fmedia&parent=141632"}],"wp:term":[{"taxonomy":"category","embeddable":true,"href":"https:\/\/diarioregionaldigital.com.br\/index.php?rest_route=%2Fwp%2Fv2%2Fcategories&post=141632"},{"taxonomy":"post_tag","embeddable":true,"href":"https:\/\/diarioregionaldigital.com.br\/index.php?rest_route=%2Fwp%2Fv2%2Ftags&post=141632"}],"curies":[{"name":"wp","href":"https:\/\/api.w.org\/{rel}","templated":true}]}}