{"id":141629,"date":"2019-06-07T14:57:23","date_gmt":"2019-06-07T17:57:23","guid":{"rendered":"https:\/\/diarioregionaldigital.com.br\/?p=141629"},"modified":"2019-06-07T14:57:23","modified_gmt":"2019-06-07T17:57:23","slug":"stf-desamarrou-a-questao-das-privatizacoes-diz-bolsonaro","status":"publish","type":"post","link":"https:\/\/diarioregionaldigital.com.br\/?p=141629","title":{"rendered":"STF desamarrou a quest\u00e3o das privatiza\u00e7\u00f5es, diz Bolsonaro"},"content":{"rendered":"<p>O presidente da Rep\u00fablica, Jair Bolsonaro, disse hoje (7) que o Supremo Tribunal Federal (STF) est\u00e1 em sintonia com o governo federal. A afirma\u00e7\u00e3o foi feita ao comentar a decis\u00e3o da corte de permitir que o Executivo privatize subsidi\u00e1rias de estatais sem precisar da autoriza\u00e7\u00e3o do Congresso Nacional.<\/p>\n<p>Segundo ele, a decis\u00e3o do STF foi patri\u00f3tica. &#8220;N\u00f3s queremos menos Estado&#8221;, disse Bolsonaro, em cerim\u00f4nia de forma\u00e7\u00e3o de sargentos da Marinha, no Rio de Janeiro. &#8220;O STF, agindo dessa maneira, de certa forma, desamarrou a quest\u00e3o das privatiza\u00e7\u00f5es&#8221;.<\/p>\n<p>O presidente tamb\u00e9m falou sobre infla\u00e7\u00e3o e desemprego no pa\u00eds. Ele explicou que herdou um Brasil em crise econ\u00f4mica, mas disse acreditar que o pa\u00eds ir\u00e1 se recuperar e que o &#8220;ponto de inflex\u00e3o&#8221; ser\u00e1 a aprova\u00e7\u00e3o da reforma da Previd\u00eancia.<\/p>\n<p>Bolsonaro participou de formatura de sargentos da Marinha no Rio.<\/p>\n<h2>Leis de tr\u00e2nsito<\/h2>\n<p>Bolsonaro foi questionado por jornalistas sobre seu projeto de lei que prev\u00ea mudan\u00e7as em regras de tr\u00e2nsito, entre elas o fim da exig\u00eancia do exame toxicol\u00f3gico para caminhoneiros e motoristas de \u00f4nibus. Ele disse que esse exame tem \u201cefetividade nula\u201d. \u201cSe o parlamento entender de forma diferente, mantenha como est\u00e1, sem problema nenhum. Eu n\u00e3o sou o dono das leis\u201d.<\/p>\n<p>Sobre o fim da multagem para motoristas que levam crian\u00e7as fora de cadeirinhas, Bolsonaro disse que cabe aos pais zelar pela seguran\u00e7a delas. \u201cN\u00e3o \u00e9 porque n\u00e3o est\u00e1 na lei que vou deixar meu filho ou minha filha fazer o que bem entender ou conduzi-lo de forma irrespons\u00e1vel dentro do carro\u201d.<\/p>\n<p>Em rela\u00e7\u00e3o \u00e0s mudan\u00e7as nas regras para concess\u00e3o e renova\u00e7\u00e3o de carteiras de habilita\u00e7\u00e3o, Bolsonaro disse que o objetivo foi reduzir o custo para os motoristas.<\/p>\n<p>Fonte: Ag\u00eancia Brasil<\/p>\n","protected":false},"excerpt":{"rendered":"<p>O presidente da Rep\u00fablica, Jair Bolsonaro, disse hoje (7) que o Supremo Tribunal Federal (STF) est\u00e1 em sintonia com o governo federal. A afirma\u00e7\u00e3o foi feita ao comentar a decis\u00e3o da corte de permitir que o Executivo privatize subsidi\u00e1rias de estatais sem precisar da autoriza\u00e7\u00e3o do Congresso Nacional. Segundo ele, a decis\u00e3o do STF foi [&hellip;]<\/p>\n","protected":false},"author":96,"featured_media":141630,"comment_status":"closed","ping_status":"closed","sticky":false,"template":"","format":"standard","meta":{"footnotes":""},"categories":[436,254,439],"tags":[],"class_list":["post-141629","post","type-post","status-publish","format-standard","has-post-thumbnail","hentry","category-destaque-da-semana","category-politica","category-ultima-hora"],"_links":{"self":[{"href":"https:\/\/diarioregionaldigital.com.br\/index.php?rest_route=\/wp\/v2\/posts\/141629","targetHints":{"allow":["GET"]}}],"collection":[{"href":"https:\/\/diarioregionaldigital.com.br\/index.php?rest_route=\/wp\/v2\/posts"}],"about":[{"href":"https:\/\/diarioregionaldigital.com.br\/index.php?rest_route=\/wp\/v2\/types\/post"}],"author":[{"embeddable":true,"href":"https:\/\/diarioregionaldigital.com.br\/index.php?rest_route=\/wp\/v2\/users\/96"}],"replies":[{"embeddable":true,"href":"https:\/\/diarioregionaldigital.com.br\/index.php?rest_route=%2Fwp%2Fv2%2Fcomments&post=141629"}],"version-history":[{"count":0,"href":"https:\/\/diarioregionaldigital.com.br\/index.php?rest_route=\/wp\/v2\/posts\/141629\/revisions"}],"wp:featuredmedia":[{"embeddable":true,"href":"https:\/\/diarioregionaldigital.com.br\/index.php?rest_route=\/wp\/v2\/media\/141630"}],"wp:attachment":[{"href":"https:\/\/diarioregionaldigital.com.br\/index.php?rest_route=%2Fwp%2Fv2%2Fmedia&parent=141629"}],"wp:term":[{"taxonomy":"category","embeddable":true,"href":"https:\/\/diarioregionaldigital.com.br\/index.php?rest_route=%2Fwp%2Fv2%2Fcategories&post=141629"},{"taxonomy":"post_tag","embeddable":true,"href":"https:\/\/diarioregionaldigital.com.br\/index.php?rest_route=%2Fwp%2Fv2%2Ftags&post=141629"}],"curies":[{"name":"wp","href":"https:\/\/api.w.org\/{rel}","templated":true}]}}