{"id":141626,"date":"2019-06-07T14:54:26","date_gmt":"2019-06-07T17:54:26","guid":{"rendered":"https:\/\/diarioregionaldigital.com.br\/?p=141626"},"modified":"2019-06-07T14:54:26","modified_gmt":"2019-06-07T17:54:26","slug":"mourao-moeda-unica-seria-avanco-para-paises-da-america-do-sul","status":"publish","type":"post","link":"https:\/\/diarioregionaldigital.com.br\/?p=141626","title":{"rendered":"Mour\u00e3o: moeda \u00fanica seria avan\u00e7o para pa\u00edses da Am\u00e9rica do Sul"},"content":{"rendered":"<p>O vice-presidente, Hamilton Mour\u00e3o, disse hoje (7) que a cria\u00e7\u00e3o de uma moeda \u00fanica para a Am\u00e9rica do Sul seria um avan\u00e7o para os pa\u00edses da regi\u00e3o, assim como foi para a Uni\u00e3o Europeia a cria\u00e7\u00e3o do euro. \u201c\u00d3bvio que se houver possibilidade, se \u00e9 fact\u00edvel isso, \u00e9 um baita de um avan\u00e7o. A Uni\u00e3o Europeia tem sua moeda \u00fanica, que \u00e9 o Euro. Se n\u00f3s chegarmos aqui, na Am\u00e9rica do Sul, a um passo desse, acho que seria bom para todo mundo\u201d, afirmou.<\/p>\n<p>A possibilidade de uma moeda \u00fanica para os pa\u00edses do Mercosul, come\u00e7ando por Brasil e Argentina, foi abordado durante a visita do presidente Jair Bolsonaro \u00e0 Argentina. A proposta foi apresentada pelo ministro da Economia, Paulo Guedes, que integrou a comitiva presidencial ao pa\u00eds vizinho, Hoje, em evento no Rio de Janeiro, Bolsonaro, defendeu a medida dizendo que \u201cde um modo geral, o pa\u00eds [Brasil] tem muito mais a ganhar do que perder\u201d.<\/p>\n<p>O presidente da C\u00e2mara, Rodrigo Maia, questionou se a proposta levaria \u00e0 desvaloriza\u00e7\u00e3o da moeda brasileira. \u201cSer\u00e1? Vai desvalorizar o real? O d\u00f3lar valendo R$ 6,00? Infla\u00e7\u00e3o voltando? Espero que n\u00e3o\u201d, afirmou, em publica\u00e7\u00e3o no Twitter. A Argentina vive um agravamento da sua crise econ\u00f4mica, com aumento de infla\u00e7\u00e3o e desvaloriza\u00e7\u00e3o de sua moeda.<\/p>\n<p>Ao deixar o gabinete da Vice-Presid\u00eancia, no Pal\u00e1cio do Planalto, em Bras\u00edlia, Mour\u00e3o minimizou as cr\u00edticas, disse que a proposta ainda \u00e9 embrion\u00e1ria e que \u00e9 preciso conhecer seus fundamentos.<\/p>\n<p>De acordo com o Banco Central, n\u00e3o h\u00e1 projetos ou estudos em andamento para uma uni\u00e3o monet\u00e1ria com a Argentina, mas \u201cdi\u00e1logos sobre estabilidade macroecon\u00f4mica, bem como debates acerca de redu\u00e7\u00e3o de riscos e vulnerabilidades e fortalecimento institucional\u201d.<\/p>\n<p>Fonte: Ag\u00eancia Brasil<\/p>\n","protected":false},"excerpt":{"rendered":"<p>O vice-presidente, Hamilton Mour\u00e3o, disse hoje (7) que a cria\u00e7\u00e3o de uma moeda \u00fanica para a Am\u00e9rica do Sul seria um avan\u00e7o para os pa\u00edses da regi\u00e3o, assim como foi para a Uni\u00e3o Europeia a cria\u00e7\u00e3o do euro. \u201c\u00d3bvio que se houver possibilidade, se \u00e9 fact\u00edvel isso, \u00e9 um baita de um avan\u00e7o. A Uni\u00e3o [&hellip;]<\/p>\n","protected":false},"author":96,"featured_media":141627,"comment_status":"closed","ping_status":"closed","sticky":false,"template":"","format":"standard","meta":{"footnotes":""},"categories":[436,254,439],"tags":[],"class_list":["post-141626","post","type-post","status-publish","format-standard","has-post-thumbnail","hentry","category-destaque-da-semana","category-politica","category-ultima-hora"],"_links":{"self":[{"href":"https:\/\/diarioregionaldigital.com.br\/index.php?rest_route=\/wp\/v2\/posts\/141626","targetHints":{"allow":["GET"]}}],"collection":[{"href":"https:\/\/diarioregionaldigital.com.br\/index.php?rest_route=\/wp\/v2\/posts"}],"about":[{"href":"https:\/\/diarioregionaldigital.com.br\/index.php?rest_route=\/wp\/v2\/types\/post"}],"author":[{"embeddable":true,"href":"https:\/\/diarioregionaldigital.com.br\/index.php?rest_route=\/wp\/v2\/users\/96"}],"replies":[{"embeddable":true,"href":"https:\/\/diarioregionaldigital.com.br\/index.php?rest_route=%2Fwp%2Fv2%2Fcomments&post=141626"}],"version-history":[{"count":0,"href":"https:\/\/diarioregionaldigital.com.br\/index.php?rest_route=\/wp\/v2\/posts\/141626\/revisions"}],"wp:featuredmedia":[{"embeddable":true,"href":"https:\/\/diarioregionaldigital.com.br\/index.php?rest_route=\/wp\/v2\/media\/141627"}],"wp:attachment":[{"href":"https:\/\/diarioregionaldigital.com.br\/index.php?rest_route=%2Fwp%2Fv2%2Fmedia&parent=141626"}],"wp:term":[{"taxonomy":"category","embeddable":true,"href":"https:\/\/diarioregionaldigital.com.br\/index.php?rest_route=%2Fwp%2Fv2%2Fcategories&post=141626"},{"taxonomy":"post_tag","embeddable":true,"href":"https:\/\/diarioregionaldigital.com.br\/index.php?rest_route=%2Fwp%2Fv2%2Ftags&post=141626"}],"curies":[{"name":"wp","href":"https:\/\/api.w.org\/{rel}","templated":true}]}}