{"id":141621,"date":"2019-06-07T12:53:08","date_gmt":"2019-06-07T15:53:08","guid":{"rendered":"https:\/\/diarioregionaldigital.com.br\/?p=141621"},"modified":"2019-06-07T12:53:08","modified_gmt":"2019-06-07T15:53:08","slug":"inflacao-para-familias-com-renda-mais-baixa-fica-em-015-em-maio","status":"publish","type":"post","link":"https:\/\/diarioregionaldigital.com.br\/?p=141621","title":{"rendered":"Infla\u00e7\u00e3o para fam\u00edlias com renda mais baixa fica em 0,15% em maio"},"content":{"rendered":"<p>O \u00cdndice Nacional de Pre\u00e7os ao Consumidor (INPC), que mede a varia\u00e7\u00e3o de pre\u00e7os da cesta de consumo de fam\u00edlias com renda at\u00e9 cinco sal\u00e1rios m\u00ednimos, teve alta de 0,15% em maio. Este foi o menor resultado para o m\u00eas de maio desde 2006, quando a taxa foi de 0,13%.<\/p>\n<p>O resultado de maio ficou 0,45 ponto percentual abaixo do \u00edndice de abril (0,60%). A varia\u00e7\u00e3o acumulada no ano ficou em 2,44% e o acumulado dos \u00faltimos 12 meses, em 4,78%, abaixo do registrado nos 12 meses imediatamente anteriores (5,07%). Em maio de 2018, a taxa foi 0,43%.<\/p>\n<p>Os produtos aliment\u00edcios tiveram queda de 0,59% em maio, contra 0,64% em abril. O agrupamento dos n\u00e3o aliment\u00edcios desacelerou para 0,48%, enquanto em abril havia registrado 0,58%.<\/p>\n<p>Quanto aos \u00edndices regionais, o munic\u00edpio de Rio Branco (0,67%) apresentou a maior varia\u00e7\u00e3o, por conta do item energia el\u00e9trica (2,90%). J\u00e1 o menor \u00edndice ficou com a regi\u00e3o metropolitana de Curitiba (-0,01%), influenciado pela queda nos pre\u00e7os do tomate (-16,65%) e das frutas (-8,44%).<\/p>\n<p>O INPC \u00e9 calculado pelo Instituto Brasileiro de Geografia e Estat\u00edstica desde 1979, se refere \u00e0s fam\u00edlias com rendimento de 1 a 5 sal\u00e1rios m\u00ednimos, e abrange dez regi\u00f5es metropolitanas do pa\u00eds, al\u00e9m dos munic\u00edpios de Goi\u00e2nia, Campo Grande, Rio Branco, S\u00e3o Lu\u00eds, Aracaju e de Bras\u00edlia. Para o c\u00e1lculo do \u00edndice do m\u00eas foram comparados os pre\u00e7os coletados entre 1\u00ba de maio e 29 de maio de 2019 (refer\u00eancia) com os pre\u00e7os vigentes entre 30 de mar\u00e7o e 30 de abril de 2019 (base).<\/p>\n<p>Fonte: Ag\u00eancia Brasil<\/p>\n","protected":false},"excerpt":{"rendered":"<p>O \u00cdndice Nacional de Pre\u00e7os ao Consumidor (INPC), que mede a varia\u00e7\u00e3o de pre\u00e7os da cesta de consumo de fam\u00edlias com renda at\u00e9 cinco sal\u00e1rios m\u00ednimos, teve alta de 0,15% em maio. Este foi o menor resultado para o m\u00eas de maio desde 2006, quando a taxa foi de 0,13%. O resultado de maio ficou [&hellip;]<\/p>\n","protected":false},"author":96,"featured_media":141624,"comment_status":"closed","ping_status":"closed","sticky":false,"template":"","format":"standard","meta":{"footnotes":""},"categories":[436,261,439],"tags":[],"class_list":["post-141621","post","type-post","status-publish","format-standard","has-post-thumbnail","hentry","category-destaque-da-semana","category-economia","category-ultima-hora"],"_links":{"self":[{"href":"https:\/\/diarioregionaldigital.com.br\/index.php?rest_route=\/wp\/v2\/posts\/141621","targetHints":{"allow":["GET"]}}],"collection":[{"href":"https:\/\/diarioregionaldigital.com.br\/index.php?rest_route=\/wp\/v2\/posts"}],"about":[{"href":"https:\/\/diarioregionaldigital.com.br\/index.php?rest_route=\/wp\/v2\/types\/post"}],"author":[{"embeddable":true,"href":"https:\/\/diarioregionaldigital.com.br\/index.php?rest_route=\/wp\/v2\/users\/96"}],"replies":[{"embeddable":true,"href":"https:\/\/diarioregionaldigital.com.br\/index.php?rest_route=%2Fwp%2Fv2%2Fcomments&post=141621"}],"version-history":[{"count":0,"href":"https:\/\/diarioregionaldigital.com.br\/index.php?rest_route=\/wp\/v2\/posts\/141621\/revisions"}],"wp:featuredmedia":[{"embeddable":true,"href":"https:\/\/diarioregionaldigital.com.br\/index.php?rest_route=\/wp\/v2\/media\/141624"}],"wp:attachment":[{"href":"https:\/\/diarioregionaldigital.com.br\/index.php?rest_route=%2Fwp%2Fv2%2Fmedia&parent=141621"}],"wp:term":[{"taxonomy":"category","embeddable":true,"href":"https:\/\/diarioregionaldigital.com.br\/index.php?rest_route=%2Fwp%2Fv2%2Fcategories&post=141621"},{"taxonomy":"post_tag","embeddable":true,"href":"https:\/\/diarioregionaldigital.com.br\/index.php?rest_route=%2Fwp%2Fv2%2Ftags&post=141621"}],"curies":[{"name":"wp","href":"https:\/\/api.w.org\/{rel}","templated":true}]}}