{"id":141620,"date":"2019-06-07T12:50:07","date_gmt":"2019-06-07T15:50:07","guid":{"rendered":"https:\/\/diarioregionaldigital.com.br\/?p=141620"},"modified":"2019-06-07T12:50:07","modified_gmt":"2019-06-07T15:50:07","slug":"japao-oferece-ajuda-financeira-ao-brasil-em-apoio-a-venezuelanos","status":"publish","type":"post","link":"https:\/\/diarioregionaldigital.com.br\/?p=141620","title":{"rendered":"Jap\u00e3o oferece ajuda financeira ao Brasil em apoio a venezuelanos"},"content":{"rendered":"<p>O Jap\u00e3o decidiu oferecer ao Brasil US$ 3,8 milh\u00f5es de d\u00f3lares de aux\u00edlio em apoio a refugiados e imigrantes da Venezuela.<\/p>\n<p>At\u00e9 fevereiro, cerca de 3,4 milh\u00f5es de pessoas sa\u00edram da Venezuela para pa\u00edses vizinhos, devido a problemas pol\u00edticos e econ\u00f4micos. As regi\u00f5es que receberam essas pessoas tiveram queda na qualidade de vida devido ao r\u00e1pido influxo.<br \/>\nO Brasil recebeu\u00a0 96 mil refugiados.<\/p>\n<p>A ajuda financeira dever\u00e1 ser destinada a servi\u00e7os m\u00e9dicos de emerg\u00eancia e medidas de prote\u00e7\u00e3o de crian\u00e7as contra abuso e explora\u00e7\u00e3o.<\/p>\n<p>Antes, o Jap\u00e3o j\u00e1 havia oferecido mais de US$ 1,8 milh\u00e3o em equipamentos m\u00e9dicos e doa\u00e7\u00f5es a \u00f3rg\u00e3os internacionais de apoio a venezuelanos que deixam o pa\u00eds.<\/p>\n<p>Fonte: Ag\u00eancia Brasil<\/p>\n","protected":false},"excerpt":{"rendered":"<p>O Jap\u00e3o decidiu oferecer ao Brasil US$ 3,8 milh\u00f5es de d\u00f3lares de aux\u00edlio em apoio a refugiados e imigrantes da Venezuela. At\u00e9 fevereiro, cerca de 3,4 milh\u00f5es de pessoas sa\u00edram da Venezuela para pa\u00edses vizinhos, devido a problemas pol\u00edticos e econ\u00f4micos. As regi\u00f5es que receberam essas pessoas tiveram queda na qualidade de vida devido ao [&hellip;]<\/p>\n","protected":false},"author":96,"featured_media":141622,"comment_status":"closed","ping_status":"closed","sticky":false,"template":"","format":"standard","meta":{"footnotes":""},"categories":[302,436,439],"tags":[],"class_list":["post-141620","post","type-post","status-publish","format-standard","has-post-thumbnail","hentry","category-brasil-mundo","category-destaque-da-semana","category-ultima-hora"],"_links":{"self":[{"href":"https:\/\/diarioregionaldigital.com.br\/index.php?rest_route=\/wp\/v2\/posts\/141620","targetHints":{"allow":["GET"]}}],"collection":[{"href":"https:\/\/diarioregionaldigital.com.br\/index.php?rest_route=\/wp\/v2\/posts"}],"about":[{"href":"https:\/\/diarioregionaldigital.com.br\/index.php?rest_route=\/wp\/v2\/types\/post"}],"author":[{"embeddable":true,"href":"https:\/\/diarioregionaldigital.com.br\/index.php?rest_route=\/wp\/v2\/users\/96"}],"replies":[{"embeddable":true,"href":"https:\/\/diarioregionaldigital.com.br\/index.php?rest_route=%2Fwp%2Fv2%2Fcomments&post=141620"}],"version-history":[{"count":0,"href":"https:\/\/diarioregionaldigital.com.br\/index.php?rest_route=\/wp\/v2\/posts\/141620\/revisions"}],"wp:featuredmedia":[{"embeddable":true,"href":"https:\/\/diarioregionaldigital.com.br\/index.php?rest_route=\/wp\/v2\/media\/141622"}],"wp:attachment":[{"href":"https:\/\/diarioregionaldigital.com.br\/index.php?rest_route=%2Fwp%2Fv2%2Fmedia&parent=141620"}],"wp:term":[{"taxonomy":"category","embeddable":true,"href":"https:\/\/diarioregionaldigital.com.br\/index.php?rest_route=%2Fwp%2Fv2%2Fcategories&post=141620"},{"taxonomy":"post_tag","embeddable":true,"href":"https:\/\/diarioregionaldigital.com.br\/index.php?rest_route=%2Fwp%2Fv2%2Ftags&post=141620"}],"curies":[{"name":"wp","href":"https:\/\/api.w.org\/{rel}","templated":true}]}}