{"id":141612,"date":"2019-06-07T12:41:40","date_gmt":"2019-06-07T15:41:40","guid":{"rendered":"https:\/\/diarioregionaldigital.com.br\/?p=141612"},"modified":"2019-06-07T12:41:40","modified_gmt":"2019-06-07T15:41:40","slug":"ipca-desacelera-em-maio-ao-variar-013-a-menor-alta-desde-2006","status":"publish","type":"post","link":"https:\/\/diarioregionaldigital.com.br\/?p=141612","title":{"rendered":"IPCA desacelera em maio ao variar 0,13%, a menor alta desde 2006"},"content":{"rendered":"<p>O \u00cdndice Nacional de Pre\u00e7os ao Consumidor Amplo (IPCA) de maio variou 0,13% e ficou 0,44 ponto percentual abaixo da taxa de abril (0,57%). Esse foi o menor resultado para maio desde 2006 (0,10%). O IPCA \u00e9 a infla\u00e7\u00e3o oficial do pa\u00eds.<\/p>\n<p>Em maio de 2018, a taxa havia sido de 0,40%. Os dados foram divulgados hoje (7), no Rio de Janeiro, pelo Instituto Brasileiro de Geografia e Estat\u00edstica (IBGE).<\/p>\n<p>A varia\u00e7\u00e3o acumulada no ano ficou em 2,22% e em 12 meses chegou 4,66%, abaixo dos 4,94% registrados nos 12 meses imediatamente anteriores.<\/p>\n<p>De acordo com o IBGE, quatro dos nove grupos de produtos e servi\u00e7os pesquisados mostraram defla\u00e7\u00e3o em maio.<\/p>\n<p>O impacto negativo mais intenso (-0,14 ponto percentual) sobre o IPCA de maio veio de Alimenta\u00e7\u00e3o e bebidas (-0,56%), que havia subido 0,63% em abril. Tamb\u00e9m apresentaram defla\u00e7\u00e3o: Artigos de Resid\u00eancia (-0,10%), Educa\u00e7\u00e3o (-0,04%) e Comunica\u00e7\u00e3o (-0,03%).<\/p>\n<p>Entre as altas, os destaques s\u00e3o Habita\u00e7\u00e3o (0,98%), com impacto de 0,15 ponto percentual, e Sa\u00fade e cuidados pessoais (0,59%), com impacto de 0,07 ponto percentual.<\/p>\n<p>Segundo o IBGE, o resultado do grupo Alimenta\u00e7\u00e3o e Bebidas deve-se principalmente \u00e0 queda de 0,89% observada no grupamento da alimenta\u00e7\u00e3o no domic\u00edlio.<\/p>\n<p>O tomate, ap\u00f3s apresentar alta de 28,64% em abril, caiu 15,08%, e o feij\u00e3o-carioca acentuou a queda em rela\u00e7\u00e3o ao m\u00eas anterior (passou de -9,09% para -13,04%). As frutas (-2,87%) tamb\u00e9m recuaram mais intensamente do que em abril (-0,71%).<\/p>\n<p>Por outro lado, o leite longa vida (2,37%) e a cenoura (15,74%) subiram em maio, ap\u00f3s apresentarem quedas (-0,30% e -0,07%, respectivamente) em abril.<\/p>\n<h2>Maior impacto<\/h2>\n<p>O grupo Habita\u00e7\u00e3o (0,98%), por sua vez, apresentou o maior impacto positivo no m\u00eas de maio, influenciado principalmente pela alta de 2,18% no item energia el\u00e9trica.<\/p>\n<p>O IBGE lembra que, de dezembro de 2018 a abril de 2019, havia vigorado a bandeira tarif\u00e1ria verde, em que n\u00e3o h\u00e1 cobran\u00e7a adicional na conta de luz.<\/p>\n<p>Em maio, passou a vigorar a bandeira amarela, com custo adicional de R$ 0,01 para cada quilowatt-hora consumido. Al\u00e9m disso, v\u00e1rios reajustes de tarifas foram incorporados.<\/p>\n<p>Ainda em Habita\u00e7\u00e3o, a varia\u00e7\u00e3o de 0,82% na taxa de \u00e1gua e esgoto reflete os reajustes de 4,72% na regi\u00e3o metropolitana de S\u00e3o Paulo (3,15%), a partir de 11 de maio, e de 2,99% em Bras\u00edlia (0,18%), vigente desde 1\u00ba de abril. A queda no g\u00e1s encanado (-0,84%), por sua vez, se deve \u00e0 redu\u00e7\u00e3o m\u00e9dia de 1,40% nas tarifas residenciais da regi\u00e3o metropolitana do Rio de Janeiro (-1,57%), desde 1\u00ba de maio.<\/p>\n<p>O g\u00e1s de botij\u00e3o, tamb\u00e9m do grupo Habita\u00e7\u00e3o, teve alta de 1,35%, devido ao reajuste m\u00e9dio de 3,43%, autorizado pela Petrobras, nas refinarias, a partir de 5 de maio.<\/p>\n<p>Segundo o IBGE, a segunda maior varia\u00e7\u00e3o ficou com o grupo Sa\u00fade e Cuidados Pessoais (0,59%), que tamb\u00e9m exerceu o segundo maior impacto positivo no m\u00eas (0,07 p.p.).<\/p>\n<p>Os pre\u00e7os do grupo desaceleraram em rela\u00e7\u00e3o a abril (1,51%), principalmente por conta dos rem\u00e9dios, que passaram de 2,25% em abril para 0,82% em maio, e dos perfumes, que passaram da alta de 6,56% em abril para a queda de 1,61% em maio.<\/p>\n<p>No grupo dos Transportes (0,07%), destaca-se a gasolina (2,60%), que apresentou o maior impacto individual no IPCA de maio, com 0,11 ponto percentual.<\/p>\n<h2>Passagens a\u00e9rea caem de pre\u00e7o<\/h2>\n<p>Ao mesmo tempo, as passagens a\u00e9reas, que haviam subido em abril (5,32%), apresentaram queda de 21,82% em maio, contribuindo com o maior impacto individual negativo no \u00edndice do m\u00eas (-0,10 ponto percentual).<\/p>\n<p>O IPCA \u00e9 calculado pelo IBGE desde 1980, se refere \u00e0s fam\u00edlias com rendimento 1 a 40 sal\u00e1rios m\u00ednimos, qualquer que seja a fonte, e abrange dez regi\u00f5es metropolitanas do pa\u00eds, al\u00e9m de Goi\u00e2nia, Campo Grande, Rio Branco, S\u00e3o Lu\u00eds, Aracaju e Bras\u00edlia.<\/p>\n<p>Para o c\u00e1lculo do \u00edndice do m\u00eas foram comparados os pre\u00e7os coletados entre 1\u00ba de maio e 29 de maio de 2019 (refer\u00eancia) com os pre\u00e7os vigentes entre 30 de mar\u00e7o e 30 de abril de 2019 (base).<\/p>\n<p>Fonte: Ag\u00eancia Brasil<\/p>\n","protected":false},"excerpt":{"rendered":"<p>O \u00cdndice Nacional de Pre\u00e7os ao Consumidor Amplo (IPCA) de maio variou 0,13% e ficou 0,44 ponto percentual abaixo da taxa de abril (0,57%). Esse foi o menor resultado para maio desde 2006 (0,10%). O IPCA \u00e9 a infla\u00e7\u00e3o oficial do pa\u00eds. Em maio de 2018, a taxa havia sido de 0,40%. Os dados foram [&hellip;]<\/p>\n","protected":false},"author":96,"featured_media":141614,"comment_status":"closed","ping_status":"closed","sticky":false,"template":"","format":"standard","meta":{"footnotes":""},"categories":[436,261,439],"tags":[],"class_list":["post-141612","post","type-post","status-publish","format-standard","has-post-thumbnail","hentry","category-destaque-da-semana","category-economia","category-ultima-hora"],"_links":{"self":[{"href":"https:\/\/diarioregionaldigital.com.br\/index.php?rest_route=\/wp\/v2\/posts\/141612","targetHints":{"allow":["GET"]}}],"collection":[{"href":"https:\/\/diarioregionaldigital.com.br\/index.php?rest_route=\/wp\/v2\/posts"}],"about":[{"href":"https:\/\/diarioregionaldigital.com.br\/index.php?rest_route=\/wp\/v2\/types\/post"}],"author":[{"embeddable":true,"href":"https:\/\/diarioregionaldigital.com.br\/index.php?rest_route=\/wp\/v2\/users\/96"}],"replies":[{"embeddable":true,"href":"https:\/\/diarioregionaldigital.com.br\/index.php?rest_route=%2Fwp%2Fv2%2Fcomments&post=141612"}],"version-history":[{"count":0,"href":"https:\/\/diarioregionaldigital.com.br\/index.php?rest_route=\/wp\/v2\/posts\/141612\/revisions"}],"wp:featuredmedia":[{"embeddable":true,"href":"https:\/\/diarioregionaldigital.com.br\/index.php?rest_route=\/wp\/v2\/media\/141614"}],"wp:attachment":[{"href":"https:\/\/diarioregionaldigital.com.br\/index.php?rest_route=%2Fwp%2Fv2%2Fmedia&parent=141612"}],"wp:term":[{"taxonomy":"category","embeddable":true,"href":"https:\/\/diarioregionaldigital.com.br\/index.php?rest_route=%2Fwp%2Fv2%2Fcategories&post=141612"},{"taxonomy":"post_tag","embeddable":true,"href":"https:\/\/diarioregionaldigital.com.br\/index.php?rest_route=%2Fwp%2Fv2%2Ftags&post=141612"}],"curies":[{"name":"wp","href":"https:\/\/api.w.org\/{rel}","templated":true}]}}