{"id":141609,"date":"2019-06-07T12:35:37","date_gmt":"2019-06-07T15:35:37","guid":{"rendered":"https:\/\/diarioregionaldigital.com.br\/?p=141609"},"modified":"2019-06-17T15:38:50","modified_gmt":"2019-06-17T18:38:50","slug":"comeca-hoje-na-franca-a-8a-copa-do-mundo-de-futebol-feminino","status":"publish","type":"post","link":"https:\/\/diarioregionaldigital.com.br\/?p=141609","title":{"rendered":"Come\u00e7a hoje na Fran\u00e7a a 8\u00aa Copa do Mundo de Futebol Feminino"},"content":{"rendered":"<p>A Fran\u00e7a \u00e9 a sede da 8\u00aa Copa do Mundo de Futebol Feminino. A competi\u00e7\u00e3o come\u00e7a nesta sexta-feira (7) com o jogo de abertura entre Fran\u00e7a e Coreia do Sul, marcado para as 16h, no Parc des Princes. A final ocorrer\u00e1 no dia 7 de julho, \u00e0s 17h, no Est\u00e1dio de Lyon.<\/p>\n<p>Ao todo 24 equipes est\u00e3o divididas em seis grupos:<\/p>\n<p>Grupo A\u00a0\u2013 Fran\u00e7a, Cor\u00e9ia do Sul, Noruega e Nig\u00e9ria<\/p>\n<p>Grupo B\u00a0\u2013 Alemanha, China, Espanha e \u00c1frica do Sul<\/p>\n<p>Grupo C\u00a0\u2013 Austr\u00e1lia, It\u00e1lia, Brasil e Jamaica<\/p>\n<p>Grupo D\u00a0\u2013 Inglaterra, Esc\u00f3cia, Argentina e Jap\u00e3o<\/p>\n<p>Grupo E\u00a0\u2013 Canad\u00e1, Camar\u00f5es, Nova Zel\u00e2ndia e Holanda<\/p>\n<p>Grupo F\u00a0\u2013 Estados Unidos, Tail\u00e2ndia, Chile e Su\u00e9cia<\/p>\n<h2>Grupo A<\/h2>\n<h2>Fran\u00e7a<\/h2>\n<p>Ocupa o 4\u00ba lugar no\u00a0<em>ranking<\/em>\u00a0da Fifa. J\u00e1 participou de tr\u00eas Copas do Mundo. A melhor coloca\u00e7\u00e3o foi em 2003, quando chegou a fase semifinal. A sele\u00e7\u00e3o n\u00e3o participou das eliminat\u00f3rias por ser o pa\u00eds anfitri\u00e3o. Se preparou para competi\u00e7\u00e3o com uma s\u00e9rie de amistosos. A t\u00e9cnica \u00e9 a ex-jogadora Corinne Diacre, a primeira mulher a assumir o comando de uma equipe masculina profissional na Fran\u00e7a. A capit\u00e3 da equipe \u00e9 Amandine Henry, que atua no Olympique Lyonnais.<\/p>\n<h2>Coreia do Sul<\/h2>\n<p>Ocupa a 14\u00aa posi\u00e7\u00e3o no\u00a0<em>ranking<\/em>\u00a0da Fifa. Participou de duas Copas do Mundo. O melhor resultado alcan\u00e7ado foi em 2003 &#8211; as oitavas de final. O t\u00e9cnico e ex-jogador Yoon Deokyeo comanda a equipe desde 2012. O ponto forte da equipe \u00e9 a defesa. A Coreia passou pela Copa Asi\u00e1tica sem levar gols e garantiu vaga na Copa da Fran\u00e7a. A estrela do time \u00e9 Ji Soyun. A meiocampista atua pelo Chelsea e faz sucesso na liga inglesa.<\/p>\n<h2>Noruega<\/h2>\n<p>Ocupa a 12\u00aa posi\u00e7\u00e3o no<em>\u00a0ranking<\/em>\u00a0da Fifa. Participou de todas as edi\u00e7\u00f5es da Copa do Mundo. Garantiu vaga na Copa da Fran\u00e7a ao liderar o grupo 3 nas eliminat\u00f3rias europeia. O treinador sueco Martin Sjogren sucede Even Pellerud, o homem que levou a Noruega ao t\u00edtulo mundial em 1995. A estrela do time \u00e9 Maren Mjelde, jogadora do Chelsea.<\/p>\n<h2>Nig\u00e9ria<\/h2>\n<p>Ocupa a 38\u00aa posi\u00e7\u00e3o do\u00a0<em>rancking<\/em>\u00a0da Fifa. Participou de todas as Copas do Mundo. O melhor resultado foi a classifica\u00e7\u00e3o para as quartas de final em 1991.O t\u00edtulo de\u00a0<strong>campe\u00e3 da Copa da \u00c1frica 2018<\/strong>\u00a0alcan\u00e7ado nos penaltis. A recompensa valeu vaga na Copa da Fran\u00e7a. O treinador da sele\u00e7\u00e3o nigeriana \u00e9 o sueco Thomas Dennerby. O destaque da equipe \u00e9 a atacante Asisat Oshoala, que joga no Barcelona e eleita melhor jogadora africana tr\u00eas vezes (2014, 2016 e 2017).<\/p>\n<p>&nbsp;<\/p>\n<h2>Grupo B<\/h2>\n<h2>Alemanha<\/h2>\n<p>Ocupa o 2\u00ba lugar no\u00a0<em>ranking<\/em>\u00a0da Fifa. Participou de todas as Copas do Mundo. \u00c9 Bicampe\u00e3. Na campanha de classifica\u00e7\u00e3o para Copa na Fran\u00e7a, sofreu apenas uma derrota contra a Isl\u00e2ndia e venceu as outras sete partidas sem levar gols. A t\u00e9cnica \u00e9 Martina Voss-Tecklenburg. A estrela do time \u00e9 Dzsenifer Marozsan. A jogadora concorreu ao pr\u00eamio de melhor jogadora do mundo em 2018 e ficou na terceira coloca\u00e7\u00e3o. Atualmente joga no Olympique Lyonnais<em>.<\/em><\/p>\n<h2>China<\/h2>\n<p>Ocupa o 16\u00ba lugar no\u00a0<em>ranking<\/em>\u00a0da Fifa. J\u00e1 participou seis vezes da Copa do Mundo de Futebol Feminino. O primeiro t\u00edtulo quase foi alcan\u00e7ado em 1999, quando ficou com o vice-campeonato ao perder para Noruega. A equipe \u00e9 comandada pelo ex-jogador Jia Xiuquan. A estrela do time \u00e9 a atacante Li Ying.<\/p>\n<h2>Espanha<\/h2>\n<p>Ocupa a 13\u00aa posi\u00e7\u00e3o no\u00a0<em>ranking<\/em>\u00a0da Fifa. Participa do Mundial pela segunda vez. Foi a primeira equipe a confirmar participa\u00e7\u00e3o na Copa da Fran\u00e7a de forma invicta nos oito jogos disputados. O t\u00e9cnico Jorge Vilda comanda a sele\u00e7\u00e3o espanhola desde 2015, quando iniciou uma renova\u00e7\u00e3o na equipe e mudan\u00e7as t\u00e1ticas. A jogadora Irene Paredes \u00e9 l\u00edder nata e considerada uma das melhores zagueiras do mundo. Apesar de jogar na defesa, a jogadora do Paris Saint-Germain foi a segunda artilheira nas eliminat\u00f3rias para Copa da Fran\u00e7a 2019.<\/p>\n<h2>\u00c1frica do Sul<\/h2>\n<p>Ocupa a 49\u00aa posi\u00e7\u00e3o no ranking da Fifa. Depois de v\u00e1rias tentativas, conseguiu a oportunidade de participar pela primeira vez da Copa do Mundo. A t\u00e9cnica \u00e9 Desiree Ellis, pioneira no futebol feminino na \u00c1frica do Sul. A zagueira Janine Van Wyk, que atua no time americano\u00a0Houston Dash, soma 160 convoca\u00e7\u00f5es para defender a sele\u00e7\u00e3o sul-africana.<\/p>\n<p>&nbsp;<\/p>\n<h2>Grupo C<\/h2>\n<h2>Austr\u00e1lia<\/h2>\n<p>Ocupa a 6\u00aa posi\u00e7\u00e3o no ranking da Fifa. Disputou seis Copas do Mundo. O melhor resultado foi a classifica\u00e7\u00e3o para as quartas de final em 1995. As Matildas s\u00e3o vice-campe\u00e3s da Copa da \u00c1sia de Futebol Feminino. O t\u00e9cnico da equipe \u00e9 o croata Ante Milicic e a estrela do time \u00e9 atacante Sam Kerr.<\/p>\n<h2>It\u00e1lia<\/h2>\n<p>Ocupa a 15\u00aa posi\u00e7\u00e3o do\u00a0<em>ranking<\/em>\u00a0da Fifa. Disputou duas Copas do Mundo. O melhor desempenho foi em 1991 quando foi eliminada nas quartas de final. A sele\u00e7\u00e3o italiana carimbou o passaporte para a Fran\u00e7a com uma atua\u00e7\u00e3o impec\u00e1vel. Registrou apenas uma derrota contra a sele\u00e7\u00e3o belga quando a classifica\u00e7\u00e3o j\u00e1 estava garantida. As italianas s\u00e3o comandadas pela t\u00e9cnica Milena Bertolini h\u00e1 15 anos. A estrela do time \u00e9 Barbara Bonansea, que atua no meio de campo e ataque.<\/p>\n<h2>Brasil<\/h2>\n<p>Ocupa a 10\u00aa posi\u00e7\u00e3o no<em>\u00a0ranking<\/em>\u00a0da Fifa. Participou de todas as edi\u00e7\u00f5es da Copa do Mundo. O melhor resultado foi o vice-campeonato em 2007. A sele\u00e7\u00e3o canarinho \u00e9\u00a0<strong>campe\u00e3 da Copa Am\u00e9rica 2018<\/strong>. A conquista levou a equipe \u00e0 Copa da Fran\u00e7a. O treinador \u00e9 Vad\u00e3o. Ele j\u00e1 comandou a sele\u00e7\u00e3o feminina na Copa do Canad\u00e1 (2015), venceu o Pan-Americano (2015), ficou em 4\u00ba lugar nas Olimp\u00edadas 2016 e venceu a \u00faltima Copa Am\u00e9rica. Dentro de campo, al\u00e9m de Marta (eleita a melhor jogadora do mundo seis vezes e a maior artilheira da hist\u00f3ria do Mundial), a sele\u00e7\u00e3o brasileira tamb\u00e9m conta com Formiga (a \u00fanica jogadora que participou de todas as Copas do Mundo).<\/p>\n<h2>Jamaica<\/h2>\n<p>Ocupa o 53\u00ba lugar no\u00a0<em>ranking<\/em>\u00a0da Fifa. \u00c9 o primeiro pa\u00eds caribenho a participar de uma Copa do Mundo de Futebol Feminino. Garantiu a vaga no Mundial da Fran\u00e7a ao eliminar o Panam\u00e1 nos p\u00eanaltis. As estreantes s\u00e3o comandadas pelo experiente t\u00e9cnico Hue Menzies desde 2014. A estrela do time \u00e9 a atacante Jody Brown.<\/p>\n<h2>Grupo D<\/h2>\n<h2>Inglaterra<\/h2>\n<p>Ocupa o 3\u00ba lugar do ranking da Fifa. J\u00e1 participou quatro vezes da Copa do Mundo. A melhor posi\u00e7\u00e3o foi o 3\u00ba lugar em 2015. Confirmou participa\u00e7\u00e3o na Copa da Fran\u00e7a ao terminar em primeiro lugar no Grupo 1 da Eurocopa. O t\u00e9cnico \u00e9 Phil Neville, ex-jogador do\u00a0<em>Manchester United<\/em>. A atacante Fran Kirby, que atua no Chelsea, \u00e9 a principal aposta da equipe inglesa.<\/p>\n<h2>Esc\u00f3cia<\/h2>\n<p>Ocupa a 20\u00aa posi\u00e7\u00e3o no ranking da Fifa. Participa pela primeira vez da Copa do Mundo. A ex-capit\u00e3 escocesa Shelley Kerr foi a primeira mulher a ser t\u00e9cnica de um time masculino s\u00eanior no Reino Unido. Assumiu o comando da sele\u00e7\u00e3o em 2017. Uma das principais jogadora da equipe \u00e9 Kim Little. A atacante j\u00e1 representou a Gr\u00e3-Bretanha nas Olimp\u00edadas de 2012 e agora, pela primeira vez, participar\u00e1 de uma competi\u00e7\u00e3o representando a Esc\u00f3cia.<\/p>\n<h2>Argentina<\/h2>\n<p>Ocupa a 37\u00aa posi\u00e7\u00e3o no\u00a0<em>ranking\u00a0<\/em>da Fifa. Participou de dois Mundiais. Nunca passou da fase de grupos. Garantiu vaga na Copa da Fran\u00e7a pela repescagem ao eliminar o Panam\u00e1. O treinador \u00e9 Carlos Borrello. A capit\u00e3 \u00e9 a meio-campista Estefania Banini, que atua no time espanhol Levante.<\/p>\n<h2>Jap\u00e3o<\/h2>\n<p>Ocupa a 7\u00aa posi\u00e7\u00e3o do\u00a0<em>ranking<\/em>\u00a0da Fifa. Participou de todas as edi\u00e7\u00f5es da Copa do Mundo. Disputou duas finais e conquistou o primeiro t\u00edtulo em 2011. \u00c9 o atual<strong>campe\u00e3o asi\u00e1tico de futebol feminino<\/strong>. A t\u00e9cnica da sele\u00e7\u00e3o japonesa \u00e9 a ex-jogadora Asako Takakura-Takemoto. A estrela do time \u00e9 Mana Iwabuchi. Esta ser\u00e1 a terceira participa\u00e7\u00e3o em Copa do Mundo da atacante que despontou para o futebol mundial aos 15 anos.<\/p>\n<h2>Grupo E<\/h2>\n<h2>Canad\u00e1<\/h2>\n<p>Ocupa a 5\u00aa posi\u00e7\u00e3o do<em>\u00a0ranking\u00a0<\/em>da Fifa. Soma seis participa\u00e7\u00f5es em Copas do Mundo. O melhor resultado conquistado foi o 4\u00ba lugar em 1995. As canadenses n\u00e3o encontraram dificuldades para chegar at\u00e9 a disputa na Fran\u00e7a. Sofreram apenas uma derrota contra as americanas na fase de classifica\u00e7\u00e3o. O t\u00e9cnico da equipe \u00e9 o dinamarqu\u00eas Kenneth Heiner-Moller. A atacante e artilheira Christine Sinclair participa pela\u00a0quinta\u00a0vez do Mundial, joga no time americano Portland Thorns FC.<\/p>\n<h2>Camar\u00f5es<\/h2>\n<p>Ocupa a 46\u00aa posi\u00e7\u00e3o do\u00a0<em>ranking<\/em>\u00a0da Fifa. Participa pela\u00a0segunda\u00a0vez Copa do Mundo de Futebol Feminino. O melhor resultado foi em 2015 quando avan\u00e7ou para as oitavas de final. A equipe \u00e9 comandada pelo t\u00e9cnico Alain Djeumfa. A estrela do time \u00e9 a atacante Gabrielle Onguene, que joga no PFC CSKA Moscow.<\/p>\n<h2>Nova Zel\u00e2ndia<\/h2>\n<p>Ocupa a 19\u00aa posi\u00e7\u00e3o no\u00a0<em>ranking<\/em>\u00a0da Fifa. Participou quatro vezes da Copa do Mundo, mas nunca passou da primeira fase. \u00c9 a atual\u00a0<strong>campe\u00e3 da Copa da Oceania.<\/strong>Conquistou vaga no Mundial ao vencer o Peru na repescagem intercontinental. O t\u00e9cnico da Nova Zel\u00e2ndia \u00e9 escoc\u00eas o Tom Sermanni, que j\u00e1 disputou tr\u00eas copas. A equipe conta com a tamb\u00e9m veterana Ali Riley, que atua no Chelsea.<\/p>\n<h2>Holanda<\/h2>\n<p>Ocupa o 8\u00ba lugar do\u00a0<em>ranking<\/em>\u00a0da Fifa. Na \u00fanica vez que participou da Copa do Mundo (2015), foi eliminada nas oitavas de final. Desta vez, garantiu vaga na Copa da Fran\u00e7a pela repescagem. A t\u00e9cnica da sele\u00e7\u00e3o holandesa \u00e9 Sarina Wiegman, eleita a melhor treinadora da Europa em 2017. A atacante Lieke Martens, que joga no Barcelona, foi eleita a melhor jogadora da Europa em 2017.<\/p>\n<h2>Grupo F<\/h2>\n<h2>Estados Unidos<\/h2>\n<p>A l\u00edder do<em>\u00a0ranking<\/em>\u00a0da Fifa participou de todas as edi\u00e7\u00f5es da Copa do Mundo. As americanas s\u00e3o<strong>\u00a0campe\u00e3s da Am\u00e9rica do Norte, Central e Caribe de 2018<\/strong>. O t\u00edtulo garantiu vaga na Copa da Fran\u00e7a 2018. A t\u00e9cnica \u00e9 Jill Ellis. Em 2015, ela recebeu o t\u00edtulo de melhor treinadora mundial feminina, mesmo ano em que conquistou o tricampeonato mundial. Julie Ertz \u00e9 uma das principais jogadoras da equipe. Apesar de jogar na defesa j\u00e1 provou que \u00e9 marcadora de gol tamb\u00e9m. Ela chega \u00e0 Copa da Fran\u00e7a de 2019 no auge da sua carreira. Atualmente joga no Chicago Red Stars.<\/p>\n<h2>Tail\u00e2ndia<\/h2>\n<p>Ocupa a 34\u00aa posi\u00e7\u00e3o no<em>\u00a0ranking<\/em>\u00a0da Fifa. Participa pela segunda vez da Copa do Mundo. Confirmou vaga no mundial da Fran\u00e7a ao terminar em quarto lugar na Copa da \u00c1sia, em uma disputa nos p\u00eanaltis contra a Austr\u00e1lia nas quartas de final. A equipe \u00e9 comandada pela treinadora Nuengruethai Sathongwien. A sele\u00e7\u00e3o tailandesa conta com a atacante veterana Kanjana Sungngoen, jogadora veloz e forte do time.<\/p>\n<h2>Chile<\/h2>\n<p>Ocupa a 39\u00aa posi\u00e7\u00e3o no\u00a0<em>ranking<\/em>\u00a0da Fifa. A estreante na Copa da Fran\u00e7a 2019 \u00e9 vice-campe\u00e3 da Copa Am\u00e9rica de Futebol Feminina 2018. O t\u00e9cnico da equipe \u00e9 o ex-goleiro Jose Letelier. Ele tamb\u00e9m soma t\u00edtulos no futebol feminino desde 2010 e est\u00e1 a frente da sele\u00e7\u00e3o chilena desde 2015. A capit\u00e3 do time \u00e9 a goleira Christiane Endler, que atua no Paris Saint-Germain.<\/p>\n<h2>Su\u00e9cia<\/h2>\n<p>Ocupa a 9\u00aa posi\u00e7\u00e3o no<em>\u00a0ranking\u00a0<\/em>da Fifa. Participou de todas as edi\u00e7\u00f5es da Copa do Mundo. Confirmou a vaga no mundial ao terminar em primeiro lugar do grupo 4 na fase eliminat\u00f3rias para Fran\u00e7a 2019. O experiente t\u00e9cnico Peter Gerhardsson j\u00e1 treinou tamb\u00e9m a sele\u00e7\u00e3o masculina e outras categorias. Uma das principais jogadoras \u00e9 Stima Blackstenius, uma atacante r\u00e1pida, \u00e1gil e com chute forte. Joga no time sueco Link\u00f6pings FC.<\/p>\n<p>&nbsp;<\/p>\n<p>Fonte: Ag\u00eancia Brasil<\/p>\n","protected":false},"excerpt":{"rendered":"<p>A Fran\u00e7a \u00e9 a sede da 8\u00aa Copa do Mundo de Futebol Feminino. A competi\u00e7\u00e3o come\u00e7a nesta sexta-feira (7) com o jogo de abertura entre Fran\u00e7a e Coreia do Sul, marcado para as 16h, no Parc des Princes. A final ocorrer\u00e1 no dia 7 de julho, \u00e0s 17h, no Est\u00e1dio de Lyon. Ao todo 24 [&hellip;]<\/p>\n","protected":false},"author":96,"featured_media":141610,"comment_status":"closed","ping_status":"closed","sticky":false,"template":"","format":"standard","meta":{"footnotes":""},"categories":[436,257,439],"tags":[],"class_list":["post-141609","post","type-post","status-publish","format-standard","has-post-thumbnail","hentry","category-destaque-da-semana","category-esporte","category-ultima-hora"],"_links":{"self":[{"href":"https:\/\/diarioregionaldigital.com.br\/index.php?rest_route=\/wp\/v2\/posts\/141609","targetHints":{"allow":["GET"]}}],"collection":[{"href":"https:\/\/diarioregionaldigital.com.br\/index.php?rest_route=\/wp\/v2\/posts"}],"about":[{"href":"https:\/\/diarioregionaldigital.com.br\/index.php?rest_route=\/wp\/v2\/types\/post"}],"author":[{"embeddable":true,"href":"https:\/\/diarioregionaldigital.com.br\/index.php?rest_route=\/wp\/v2\/users\/96"}],"replies":[{"embeddable":true,"href":"https:\/\/diarioregionaldigital.com.br\/index.php?rest_route=%2Fwp%2Fv2%2Fcomments&post=141609"}],"version-history":[{"count":0,"href":"https:\/\/diarioregionaldigital.com.br\/index.php?rest_route=\/wp\/v2\/posts\/141609\/revisions"}],"wp:featuredmedia":[{"embeddable":true,"href":"https:\/\/diarioregionaldigital.com.br\/index.php?rest_route=\/wp\/v2\/media\/141610"}],"wp:attachment":[{"href":"https:\/\/diarioregionaldigital.com.br\/index.php?rest_route=%2Fwp%2Fv2%2Fmedia&parent=141609"}],"wp:term":[{"taxonomy":"category","embeddable":true,"href":"https:\/\/diarioregionaldigital.com.br\/index.php?rest_route=%2Fwp%2Fv2%2Fcategories&post=141609"},{"taxonomy":"post_tag","embeddable":true,"href":"https:\/\/diarioregionaldigital.com.br\/index.php?rest_route=%2Fwp%2Fv2%2Ftags&post=141609"}],"curies":[{"name":"wp","href":"https:\/\/api.w.org\/{rel}","templated":true}]}}