{"id":141606,"date":"2019-06-07T06:00:30","date_gmt":"2019-06-07T09:00:30","guid":{"rendered":"https:\/\/diarioregionaldigital.com.br\/?p=141606"},"modified":"2019-06-07T05:39:11","modified_gmt":"2019-06-07T08:39:11","slug":"e-elaaaa","status":"publish","type":"post","link":"https:\/\/diarioregionaldigital.com.br\/?p=141606","title":{"rendered":"\u00c9 Elaaaa"},"content":{"rendered":"<p style=\"text-align: center;\"><strong>Arte Total<\/strong><\/p>\n<p>O Shopping Jardim Norte colocou em cartaz a exposi\u00e7\u00e3o com pinturas do artista pl\u00e1stico Tito. No total 6 telas representando suas mem\u00f3rias do bairro do Bronx, em Nova York. Alberto Serrano, o Tito, revive com sensibilidade uma \u00e9poca \u00e1urea de sua vida.<\/p>\n<p style=\"text-align: center;\"><strong>Sucesso Total<\/strong><\/p>\n<p>Com objetivo de relacionamento corporativos, conviv\u00eancia, la\u00e7os pessoais e discuss\u00e3o de temas que tratam da pol\u00edtica, economia, do empreendedorismo, inova\u00e7\u00e3o e gest\u00e3o p\u00fablica, o Conex\u00e3o Empresarial, idealizado pelo jornalista Paulo C\u00e9sar de Oliveira, vai comemorar 10 anos de sucesso no dias 14 e 15 no Centro de Conven\u00e7\u00f5es do Minas N\u00e1utico Alphaville, em Belo Horizonte. Ele marcou presen\u00e7a em Juiz de Fora na Feijoada CR-2019, na Esta\u00e7\u00e3o S\u00e3o Pedro.<\/p>\n<p style=\"text-align: center;\"><strong>Voc\u00ea Sabia?<\/strong><\/p>\n<p>A tecnologia cada vez mais avan\u00e7ada agora tem um dilema \u00e9tico: aplicativos que monitoram smartphones sem serem detectados por antiv\u00edrus, criados para pais vigiarem celulares de filhos ou patr\u00f5es controlarem aparelhos corporativos, est\u00e3o sendo usados para espionar parceiros amorosos. O uso de spowsewares ou stalkerwares est\u00e1 provocando debate \u00e9tico na ind\u00fastria da tecnologia. Fique ligado!<\/p>\n<p style=\"text-align: center;\"><strong>\u00c9 Elaaaa<\/strong><\/p>\n<p>Rainha absoluta do r\u00e1dio a cantora Anitta est\u00e1 com tudo e n\u00e3o est\u00e1 prosa. Em dois anos investindo na carreira internacional o n\u00famero de Streams das m\u00fasicas da Diva no Spotify cresceu 2.314%. E surpreendentemente, 40% dos Streams da cantora na plataforma vem do exterior. Depois do Brasil, o campe\u00e3o de ouvintes \u00e9 o M\u00e9xico, seguido por EUA, Espanha e Argentina.<\/p>\n<p style=\"text-align: center;\"><strong>Dica<\/strong><\/p>\n<p>Em foco no s\u00e1bado, 8, o Palestras Uninter, de 14h \u00e0s 17h, com o tema Comunica\u00e7\u00e3o Interpessoal Eficaz \u2013 Intelig\u00eancia Emocional. A organiza\u00e7\u00e3o \u00e9 de Rafael Rodrigues e Hosseyn Shayani.<\/p>\n<div id=\"attachment_141521\" style=\"width: 690px\" class=\"wp-caption aligncenter\"><img loading=\"lazy\" decoding=\"async\" aria-describedby=\"caption-attachment-141521\" class=\"wp-image-141521\" src=\"https:\/\/diarioregionaldigital.com.br\/wp-content\/uploads\/2019\/06\/fotoa-2-e1559895857184.jpg\" alt=\"\" width=\"680\" height=\"558\" srcset=\"https:\/\/diarioregionaldigital.com.br\/wp-content\/uploads\/2019\/06\/fotoa-2-e1559895857184.jpg 1168w, https:\/\/diarioregionaldigital.com.br\/wp-content\/uploads\/2019\/06\/fotoa-2-e1559895857184-300x246.jpg 300w, https:\/\/diarioregionaldigital.com.br\/wp-content\/uploads\/2019\/06\/fotoa-2-e1559895857184-768x630.jpg 768w, https:\/\/diarioregionaldigital.com.br\/wp-content\/uploads\/2019\/06\/fotoa-2-e1559895857184-1024x840.jpg 1024w, https:\/\/diarioregionaldigital.com.br\/wp-content\/uploads\/2019\/06\/fotoa-2-e1559895857184-220x180.jpg 220w, https:\/\/diarioregionaldigital.com.br\/wp-content\/uploads\/2019\/06\/fotoa-2-e1559895857184-360x295.jpg 360w\" sizes=\"auto, (max-width: 680px) 100vw, 680px\" \/><p id=\"caption-attachment-141521\" class=\"wp-caption-text\">Um belo ode a natureza, com foco de luz em Camila Silveira Pedrosa, nesta 6\u00aa feira<\/p><\/div>\n<div id=\"attachment_141522\" style=\"width: 690px\" class=\"wp-caption aligncenter\"><img loading=\"lazy\" decoding=\"async\" aria-describedby=\"caption-attachment-141522\" class=\"wp-image-141522\" src=\"https:\/\/diarioregionaldigital.com.br\/wp-content\/uploads\/2019\/06\/fotoaa-2-e1559895886422.jpg\" alt=\"\" width=\"680\" height=\"496\" srcset=\"https:\/\/diarioregionaldigital.com.br\/wp-content\/uploads\/2019\/06\/fotoaa-2-e1559895886422.jpg 960w, https:\/\/diarioregionaldigital.com.br\/wp-content\/uploads\/2019\/06\/fotoaa-2-e1559895886422-300x219.jpg 300w, https:\/\/diarioregionaldigital.com.br\/wp-content\/uploads\/2019\/06\/fotoaa-2-e1559895886422-768x560.jpg 768w, https:\/\/diarioregionaldigital.com.br\/wp-content\/uploads\/2019\/06\/fotoaa-2-e1559895886422-360x263.jpg 360w\" sizes=\"auto, (max-width: 680px) 100vw, 680px\" \/><p id=\"caption-attachment-141522\" class=\"wp-caption-text\">Fazendo caridade na Escola Estadual Maria Ilydia Resende Andrade, o bondoso Rafael Kilder com Marinez Miranda Esteves<\/p><\/div>\n<div id=\"attachment_141523\" style=\"width: 690px\" class=\"wp-caption aligncenter\"><img loading=\"lazy\" decoding=\"async\" aria-describedby=\"caption-attachment-141523\" class=\"wp-image-141523\" src=\"https:\/\/diarioregionaldigital.com.br\/wp-content\/uploads\/2019\/06\/fotob-2-e1559895907378.jpg\" alt=\"\" width=\"680\" height=\"530\" srcset=\"https:\/\/diarioregionaldigital.com.br\/wp-content\/uploads\/2019\/06\/fotob-2-e1559895907378.jpg 1164w, https:\/\/diarioregionaldigital.com.br\/wp-content\/uploads\/2019\/06\/fotob-2-e1559895907378-300x234.jpg 300w, https:\/\/diarioregionaldigital.com.br\/wp-content\/uploads\/2019\/06\/fotob-2-e1559895907378-768x599.jpg 768w, https:\/\/diarioregionaldigital.com.br\/wp-content\/uploads\/2019\/06\/fotob-2-e1559895907378-1024x799.jpg 1024w, https:\/\/diarioregionaldigital.com.br\/wp-content\/uploads\/2019\/06\/fotob-2-e1559895907378-360x281.jpg 360w\" sizes=\"auto, (max-width: 680px) 100vw, 680px\" \/><p id=\"caption-attachment-141523\" class=\"wp-caption-text\">Amigos queridos em fam\u00edlia, Marinus, Adriana e Maria Helena Sleutjes<\/p><\/div>\n<div id=\"attachment_141597\" style=\"width: 690px\" class=\"wp-caption aligncenter\"><img loading=\"lazy\" decoding=\"async\" aria-describedby=\"caption-attachment-141597\" class=\"wp-image-141597\" src=\"https:\/\/diarioregionaldigital.com.br\/wp-content\/uploads\/2019\/06\/fotoe-3.jpg\" alt=\"\" width=\"680\" height=\"451\" srcset=\"https:\/\/diarioregionaldigital.com.br\/wp-content\/uploads\/2019\/06\/fotoe-3.jpg 1764w, https:\/\/diarioregionaldigital.com.br\/wp-content\/uploads\/2019\/06\/fotoe-3-300x199.jpg 300w, https:\/\/diarioregionaldigital.com.br\/wp-content\/uploads\/2019\/06\/fotoe-3-768x509.jpg 768w, https:\/\/diarioregionaldigital.com.br\/wp-content\/uploads\/2019\/06\/fotoe-3-1024x679.jpg 1024w, https:\/\/diarioregionaldigital.com.br\/wp-content\/uploads\/2019\/06\/fotoe-3-360x239.jpg 360w\" sizes=\"auto, (max-width: 680px) 100vw, 680px\" \/><p id=\"caption-attachment-141597\" class=\"wp-caption-text\">Festejando seus 15 anos com o Buffet A Festa \u00e9 Sua! A bonita Gabrielly<\/p><\/div>\n<div id=\"attachment_141598\" style=\"width: 690px\" class=\"wp-caption aligncenter\"><img loading=\"lazy\" decoding=\"async\" aria-describedby=\"caption-attachment-141598\" class=\"wp-image-141598\" src=\"https:\/\/diarioregionaldigital.com.br\/wp-content\/uploads\/2019\/06\/fotog-3.jpg\" alt=\"\" width=\"680\" height=\"456\" srcset=\"https:\/\/diarioregionaldigital.com.br\/wp-content\/uploads\/2019\/06\/fotog-3.jpg 1752w, https:\/\/diarioregionaldigital.com.br\/wp-content\/uploads\/2019\/06\/fotog-3-300x201.jpg 300w, https:\/\/diarioregionaldigital.com.br\/wp-content\/uploads\/2019\/06\/fotog-3-768x516.jpg 768w, https:\/\/diarioregionaldigital.com.br\/wp-content\/uploads\/2019\/06\/fotog-3-1024x687.jpg 1024w, https:\/\/diarioregionaldigital.com.br\/wp-content\/uploads\/2019\/06\/fotog-3-360x242.jpg 360w\" sizes=\"auto, (max-width: 680px) 100vw, 680px\" \/><p id=\"caption-attachment-141598\" class=\"wp-caption-text\">Os elegantes da Natuzzi Editions, Marcelo, Ru\u00e7a e Marcelinho Goyat\u00e1<\/p><\/div>\n<div id=\"attachment_141599\" style=\"width: 690px\" class=\"wp-caption aligncenter\"><img loading=\"lazy\" decoding=\"async\" aria-describedby=\"caption-attachment-141599\" class=\"wp-image-141599\" src=\"https:\/\/diarioregionaldigital.com.br\/wp-content\/uploads\/2019\/06\/fotoh-2-e1559896224736.jpg\" alt=\"\" width=\"680\" height=\"538\" srcset=\"https:\/\/diarioregionaldigital.com.br\/wp-content\/uploads\/2019\/06\/fotoh-2-e1559896224736.jpg 1161w, https:\/\/diarioregionaldigital.com.br\/wp-content\/uploads\/2019\/06\/fotoh-2-e1559896224736-300x237.jpg 300w, https:\/\/diarioregionaldigital.com.br\/wp-content\/uploads\/2019\/06\/fotoh-2-e1559896224736-768x608.jpg 768w, https:\/\/diarioregionaldigital.com.br\/wp-content\/uploads\/2019\/06\/fotoh-2-e1559896224736-1024x811.jpg 1024w, https:\/\/diarioregionaldigital.com.br\/wp-content\/uploads\/2019\/06\/fotoh-2-e1559896224736-360x285.jpg 360w\" sizes=\"auto, (max-width: 680px) 100vw, 680px\" \/><p id=\"caption-attachment-141599\" class=\"wp-caption-text\">O consagrado artista pl\u00e1stico, Talarico<\/p><\/div>\n<div id=\"attachment_141600\" style=\"width: 690px\" class=\"wp-caption aligncenter\"><img loading=\"lazy\" decoding=\"async\" aria-describedby=\"caption-attachment-141600\" class=\"wp-image-141600\" src=\"https:\/\/diarioregionaldigital.com.br\/wp-content\/uploads\/2019\/06\/fotoi-3-e1559896251539.jpg\" alt=\"\" width=\"680\" height=\"516\" srcset=\"https:\/\/diarioregionaldigital.com.br\/wp-content\/uploads\/2019\/06\/fotoi-3-e1559896251539.jpg 968w, https:\/\/diarioregionaldigital.com.br\/wp-content\/uploads\/2019\/06\/fotoi-3-e1559896251539-300x227.jpg 300w, https:\/\/diarioregionaldigital.com.br\/wp-content\/uploads\/2019\/06\/fotoi-3-e1559896251539-768x582.jpg 768w, https:\/\/diarioregionaldigital.com.br\/wp-content\/uploads\/2019\/06\/fotoi-3-e1559896251539-360x273.jpg 360w\" sizes=\"auto, (max-width: 680px) 100vw, 680px\" \/><p id=\"caption-attachment-141600\" class=\"wp-caption-text\">A eterna modelo e professora de moda, Fabiana Ballesteros<\/p><\/div>\n<div id=\"attachment_141601\" style=\"width: 690px\" class=\"wp-caption aligncenter\"><img loading=\"lazy\" decoding=\"async\" aria-describedby=\"caption-attachment-141601\" class=\"wp-image-141601\" src=\"https:\/\/diarioregionaldigital.com.br\/wp-content\/uploads\/2019\/06\/fotoj-2-e1559896285412.jpg\" alt=\"\" width=\"680\" height=\"590\" srcset=\"https:\/\/diarioregionaldigital.com.br\/wp-content\/uploads\/2019\/06\/fotoj-2-e1559896285412.jpg 1168w, https:\/\/diarioregionaldigital.com.br\/wp-content\/uploads\/2019\/06\/fotoj-2-e1559896285412-300x260.jpg 300w, https:\/\/diarioregionaldigital.com.br\/wp-content\/uploads\/2019\/06\/fotoj-2-e1559896285412-768x667.jpg 768w, https:\/\/diarioregionaldigital.com.br\/wp-content\/uploads\/2019\/06\/fotoj-2-e1559896285412-1024x889.jpg 1024w, https:\/\/diarioregionaldigital.com.br\/wp-content\/uploads\/2019\/06\/fotoj-2-e1559896285412-360x313.jpg 360w\" sizes=\"auto, (max-width: 680px) 100vw, 680px\" \/><p id=\"caption-attachment-141601\" class=\"wp-caption-text\">O jovem Jo\u00e3o Victor Alvarez, em tarde de sol<\/p><\/div>\n<div id=\"attachment_141602\" style=\"width: 690px\" class=\"wp-caption aligncenter\"><img loading=\"lazy\" decoding=\"async\" aria-describedby=\"caption-attachment-141602\" class=\"wp-image-141602\" src=\"https:\/\/diarioregionaldigital.com.br\/wp-content\/uploads\/2019\/06\/fotol-1-e1559896310753.jpg\" alt=\"\" width=\"680\" height=\"545\" srcset=\"https:\/\/diarioregionaldigital.com.br\/wp-content\/uploads\/2019\/06\/fotol-1-e1559896310753.jpg 1202w, https:\/\/diarioregionaldigital.com.br\/wp-content\/uploads\/2019\/06\/fotol-1-e1559896310753-300x241.jpg 300w, https:\/\/diarioregionaldigital.com.br\/wp-content\/uploads\/2019\/06\/fotol-1-e1559896310753-768x616.jpg 768w, https:\/\/diarioregionaldigital.com.br\/wp-content\/uploads\/2019\/06\/fotol-1-e1559896310753-1024x821.jpg 1024w, https:\/\/diarioregionaldigital.com.br\/wp-content\/uploads\/2019\/06\/fotol-1-e1559896310753-360x289.jpg 360w\" sizes=\"auto, (max-width: 680px) 100vw, 680px\" \/><p id=\"caption-attachment-141602\" class=\"wp-caption-text\">Mais que linda, N\u00e1dia Justi<\/p><\/div>\n<div id=\"attachment_141603\" style=\"width: 690px\" class=\"wp-caption aligncenter\"><img loading=\"lazy\" decoding=\"async\" aria-describedby=\"caption-attachment-141603\" class=\"wp-image-141603\" src=\"https:\/\/diarioregionaldigital.com.br\/wp-content\/uploads\/2019\/06\/fotom-1-e1559896344141.jpg\" alt=\"\" width=\"680\" height=\"556\" srcset=\"https:\/\/diarioregionaldigital.com.br\/wp-content\/uploads\/2019\/06\/fotom-1-e1559896344141.jpg 1169w, https:\/\/diarioregionaldigital.com.br\/wp-content\/uploads\/2019\/06\/fotom-1-e1559896344141-300x245.jpg 300w, https:\/\/diarioregionaldigital.com.br\/wp-content\/uploads\/2019\/06\/fotom-1-e1559896344141-768x627.jpg 768w, https:\/\/diarioregionaldigital.com.br\/wp-content\/uploads\/2019\/06\/fotom-1-e1559896344141-1024x837.jpg 1024w, https:\/\/diarioregionaldigital.com.br\/wp-content\/uploads\/2019\/06\/fotom-1-e1559896344141-220x180.jpg 220w, https:\/\/diarioregionaldigital.com.br\/wp-content\/uploads\/2019\/06\/fotom-1-e1559896344141-360x294.jpg 360w\" sizes=\"auto, (max-width: 680px) 100vw, 680px\" \/><p id=\"caption-attachment-141603\" class=\"wp-caption-text\">Lidiane Stambassi, mostra eleg\u00e2ncia outono inverno<\/p><\/div>\n<div id=\"attachment_141604\" style=\"width: 690px\" class=\"wp-caption aligncenter\"><img loading=\"lazy\" decoding=\"async\" aria-describedby=\"caption-attachment-141604\" class=\"wp-image-141604\" src=\"https:\/\/diarioregionaldigital.com.br\/wp-content\/uploads\/2019\/06\/foton-1-e1559896363307.jpg\" alt=\"\" width=\"680\" height=\"540\" srcset=\"https:\/\/diarioregionaldigital.com.br\/wp-content\/uploads\/2019\/06\/foton-1-e1559896363307.jpg 1172w, https:\/\/diarioregionaldigital.com.br\/wp-content\/uploads\/2019\/06\/foton-1-e1559896363307-300x238.jpg 300w, https:\/\/diarioregionaldigital.com.br\/wp-content\/uploads\/2019\/06\/foton-1-e1559896363307-768x610.jpg 768w, https:\/\/diarioregionaldigital.com.br\/wp-content\/uploads\/2019\/06\/foton-1-e1559896363307-1024x813.jpg 1024w, https:\/\/diarioregionaldigital.com.br\/wp-content\/uploads\/2019\/06\/foton-1-e1559896363307-360x286.jpg 360w\" sizes=\"auto, (max-width: 680px) 100vw, 680px\" \/><p id=\"caption-attachment-141604\" class=\"wp-caption-text\">Fazendo parada estrat\u00e9gica no Trade Hotel, Ava Gambel<\/p><\/div>\n<div id=\"attachment_141605\" style=\"width: 690px\" class=\"wp-caption aligncenter\"><img loading=\"lazy\" decoding=\"async\" aria-describedby=\"caption-attachment-141605\" class=\"wp-image-141605\" src=\"https:\/\/diarioregionaldigital.com.br\/wp-content\/uploads\/2019\/06\/fotobb-1-e1559896389672.jpg\" alt=\"\" width=\"680\" height=\"523\" srcset=\"https:\/\/diarioregionaldigital.com.br\/wp-content\/uploads\/2019\/06\/fotobb-1-e1559896389672.jpg 519w, https:\/\/diarioregionaldigital.com.br\/wp-content\/uploads\/2019\/06\/fotobb-1-e1559896389672-300x231.jpg 300w, https:\/\/diarioregionaldigital.com.br\/wp-content\/uploads\/2019\/06\/fotobb-1-e1559896389672-360x277.jpg 360w\" sizes=\"auto, (max-width: 680px) 100vw, 680px\" \/><p id=\"caption-attachment-141605\" class=\"wp-caption-text\">Aniversariando Gilberto Peixoto (Telekete) recebe o carinho de Patr\u00edcia Caniato<\/p><\/div>\n<p style=\"text-align: center;\"><strong>FOTOSS\u00cdNTESE<\/strong><\/p>\n<p>Juntando doses juninas, no s\u00e1bado, 8, a partir das 14h, o Estacionamento do Cascatinha ser\u00e1 cen\u00e1rio para o Arrai\u00e1 da Ascomcer. Haver\u00e1 barraquinhas com comida e bebida t\u00edpica e atra\u00e7\u00f5es musicais.<\/p>\n<p>A dica esperta deste s\u00e1bado, a partir das 18h, estar\u00e1 concentrada no Bar Plaza Graja\u00fa (Pra\u00e7a) com o cantor sertanejo universit\u00e1rio Betto Jr.<\/p>\n<p>Para o Dia dos Namorados, as lojas O Botic\u00e1rio prepararam kits especiais e exclusivos para eles e para elas.<\/p>\n<p>Marcos Casarim presidente da CDL\/JF est\u00e1 vibrando com o APP CDL Descontos, que mais que uma ferramenta, \u00e9 um parceiro de bares e restaurantes.<\/p>\n<p>O Cultural vai receber muita gente \u201cpode cr\u00ea\u201d, hoje 7, \u00e0s 23h, para o evento JF Rock City. No palco o melhor do rock, com os grupos Visco, Balli, Obey! e Cravo.<\/p>\n<p>Muito festejada a elegante Nininha Petrosino Ribeiro comemorou seus 80 anos na Feijoada CR 2019, na Esta\u00e7\u00e3o S\u00e3o Pedro.<\/p>\n<p>O Shopping Jardim Norte recebe no dia 9 de junho (domingo), \u00e0s 13h, o JF Rock City com as bandas P\u00e1prica, B.Bits, Rhee Charles e os Santos.<\/p>\n<p>Mulheres lindas deram aquele al\u00f4 na Feijoada CR 2019. Vanessa Barbosa, Michele Queir\u00f3s, Erika Duarte Miana, Carolina Picinnini Silva, Vivian Werneck Alvim e Myrliane Le\u00e3o.<\/p>\n<p>Templo de gente antenada, o bar Necessaire recebe no s\u00e1bado, 8 de junho, \u00e0s 16h, o evento Polara. No palco, as bandas Saginadas, Saudades Futebol Clube e Olympia T\u00eanis Club.<\/p>\n<p>Para assegurar: \u201cTodo mundo tem direito a um recome\u00e7o e a um novo amor\u201d. Bom dia.<\/p>\n<p><img loading=\"lazy\" decoding=\"async\" class=\"aligncenter size-full wp-image-140653\" src=\"https:\/\/diarioregionaldigital.com.br\/wp-content\/uploads\/2019\/05\/Alex-Martins_6colx11cm.jpg\" alt=\"\" width=\"3484\" height=\"1300\" srcset=\"https:\/\/diarioregionaldigital.com.br\/wp-content\/uploads\/2019\/05\/Alex-Martins_6colx11cm.jpg 3484w, https:\/\/diarioregionaldigital.com.br\/wp-content\/uploads\/2019\/05\/Alex-Martins_6colx11cm-300x112.jpg 300w, https:\/\/diarioregionaldigital.com.br\/wp-content\/uploads\/2019\/05\/Alex-Martins_6colx11cm-768x287.jpg 768w, https:\/\/diarioregionaldigital.com.br\/wp-content\/uploads\/2019\/05\/Alex-Martins_6colx11cm-1024x382.jpg 1024w, https:\/\/diarioregionaldigital.com.br\/wp-content\/uploads\/2019\/05\/Alex-Martins_6colx11cm-360x134.jpg 360w\" sizes=\"auto, (max-width: 3484px) 100vw, 3484px\" \/><\/p>\n","protected":false},"excerpt":{"rendered":"<p>Arte Total O Shopping Jardim Norte colocou em cartaz a exposi\u00e7\u00e3o com pinturas do artista pl\u00e1stico Tito. No total 6 telas representando suas mem\u00f3rias do bairro do Bronx, em Nova York. Alberto Serrano, o Tito, revive com sensibilidade uma \u00e9poca \u00e1urea de sua vida. Sucesso Total Com objetivo de relacionamento corporativos, conviv\u00eancia, la\u00e7os pessoais e [&hellip;]<\/p>\n","protected":false},"author":96,"featured_media":141521,"comment_status":"closed","ping_status":"closed","sticky":false,"template":"","format":"standard","meta":{"footnotes":""},"categories":[264],"tags":[],"class_list":["post-141606","post","type-post","status-publish","format-standard","has-post-thumbnail","hentry","category-eduardo-gomes"],"_links":{"self":[{"href":"https:\/\/diarioregionaldigital.com.br\/index.php?rest_route=\/wp\/v2\/posts\/141606","targetHints":{"allow":["GET"]}}],"collection":[{"href":"https:\/\/diarioregionaldigital.com.br\/index.php?rest_route=\/wp\/v2\/posts"}],"about":[{"href":"https:\/\/diarioregionaldigital.com.br\/index.php?rest_route=\/wp\/v2\/types\/post"}],"author":[{"embeddable":true,"href":"https:\/\/diarioregionaldigital.com.br\/index.php?rest_route=\/wp\/v2\/users\/96"}],"replies":[{"embeddable":true,"href":"https:\/\/diarioregionaldigital.com.br\/index.php?rest_route=%2Fwp%2Fv2%2Fcomments&post=141606"}],"version-history":[{"count":0,"href":"https:\/\/diarioregionaldigital.com.br\/index.php?rest_route=\/wp\/v2\/posts\/141606\/revisions"}],"wp:featuredmedia":[{"embeddable":true,"href":"https:\/\/diarioregionaldigital.com.br\/index.php?rest_route=\/wp\/v2\/media\/141521"}],"wp:attachment":[{"href":"https:\/\/diarioregionaldigital.com.br\/index.php?rest_route=%2Fwp%2Fv2%2Fmedia&parent=141606"}],"wp:term":[{"taxonomy":"category","embeddable":true,"href":"https:\/\/diarioregionaldigital.com.br\/index.php?rest_route=%2Fwp%2Fv2%2Fcategories&post=141606"},{"taxonomy":"post_tag","embeddable":true,"href":"https:\/\/diarioregionaldigital.com.br\/index.php?rest_route=%2Fwp%2Fv2%2Ftags&post=141606"}],"curies":[{"name":"wp","href":"https:\/\/api.w.org\/{rel}","templated":true}]}}