{"id":141578,"date":"2019-06-07T06:00:24","date_gmt":"2019-06-07T09:00:24","guid":{"rendered":"https:\/\/diarioregionaldigital.com.br\/?p=141578"},"modified":"2019-06-06T18:38:45","modified_gmt":"2019-06-06T21:38:45","slug":"prefeitura-municipal-de-tocantins-pregao-no33-07-06-19","status":"publish","type":"post","link":"https:\/\/diarioregionaldigital.com.br\/?p=141578","title":{"rendered":"Prefeitura Municipal de Tocantins &#8211; Preg\u00e3o n\u00ba33 &#8211; 07\/06\/19"},"content":{"rendered":"<p style=\"text-align: center;\"><strong><u>PREFEITURA MUNICIPAL DE TOCANTINS-MG<\/u><\/strong><\/p>\n<p style=\"text-align: center;\"><strong><u>ATA DE JULGAMENTO DE RECURSO<\/u><\/strong><\/p>\n<p style=\"text-align: center;\"><strong>PROCESSO N\u00ba. 042\/2019 &#8211; PREG\u00c3O N\u00ba. 033\/2019<\/strong><\/p>\n<p>Aos seis dias do m\u00eas de junho de 2019, na Prefeitura Municipal de TOCANTINS-MG, os Pregoeiros e a Equipe de Apoio nomeados pela Portaria 215\/2018, reuniam-se para analisar o recurso interposto pela Empresa UNI\u00c3O RECICL\u00c1VEIS RIO NOVA LTDA, sendo que nos termos do parecer jur\u00eddico n\u00ba 210\/2019 oriundo da procuradoria Geral do Munic\u00edpio, decidiram, por <strong>NEGAR PROVIMENTO<\/strong> ao recurso administrativo ANA L\u00daCIA RODRIGUES \u2013 PREGOEIRA, LUIZ FERNANDO BARBOSA \u2013 PREGOEIRO, D\u00c9CIO ROBERTI PINTO \u2013 MEMBRO, THIAGO CARVALHAIS COELHO-MEMBRO.<\/p>\n","protected":false},"excerpt":{"rendered":"<p>PREFEITURA MUNICIPAL DE TOCANTINS-MG ATA DE JULGAMENTO DE RECURSO PROCESSO N\u00ba. 042\/2019 &#8211; PREG\u00c3O N\u00ba. 033\/2019 Aos seis dias do m\u00eas de junho de 2019, na Prefeitura Municipal de TOCANTINS-MG, os Pregoeiros e a Equipe de Apoio nomeados pela Portaria 215\/2018, reuniam-se para analisar o recurso interposto pela Empresa UNI\u00c3O RECICL\u00c1VEIS RIO NOVA LTDA, sendo [&hellip;]<\/p>\n","protected":false},"author":96,"featured_media":0,"comment_status":"closed","ping_status":"closed","sticky":false,"template":"","format":"standard","meta":{"footnotes":""},"categories":[307],"tags":[],"class_list":["post-141578","post","type-post","status-publish","format-standard","hentry","category-editais"],"_links":{"self":[{"href":"https:\/\/diarioregionaldigital.com.br\/index.php?rest_route=\/wp\/v2\/posts\/141578","targetHints":{"allow":["GET"]}}],"collection":[{"href":"https:\/\/diarioregionaldigital.com.br\/index.php?rest_route=\/wp\/v2\/posts"}],"about":[{"href":"https:\/\/diarioregionaldigital.com.br\/index.php?rest_route=\/wp\/v2\/types\/post"}],"author":[{"embeddable":true,"href":"https:\/\/diarioregionaldigital.com.br\/index.php?rest_route=\/wp\/v2\/users\/96"}],"replies":[{"embeddable":true,"href":"https:\/\/diarioregionaldigital.com.br\/index.php?rest_route=%2Fwp%2Fv2%2Fcomments&post=141578"}],"version-history":[{"count":0,"href":"https:\/\/diarioregionaldigital.com.br\/index.php?rest_route=\/wp\/v2\/posts\/141578\/revisions"}],"wp:attachment":[{"href":"https:\/\/diarioregionaldigital.com.br\/index.php?rest_route=%2Fwp%2Fv2%2Fmedia&parent=141578"}],"wp:term":[{"taxonomy":"category","embeddable":true,"href":"https:\/\/diarioregionaldigital.com.br\/index.php?rest_route=%2Fwp%2Fv2%2Fcategories&post=141578"},{"taxonomy":"post_tag","embeddable":true,"href":"https:\/\/diarioregionaldigital.com.br\/index.php?rest_route=%2Fwp%2Fv2%2Ftags&post=141578"}],"curies":[{"name":"wp","href":"https:\/\/api.w.org\/{rel}","templated":true}]}}