{"id":141573,"date":"2019-06-06T17:27:05","date_gmt":"2019-06-06T20:27:05","guid":{"rendered":"https:\/\/diarioregionaldigital.com.br\/?p=141573"},"modified":"2019-06-06T18:35:31","modified_gmt":"2019-06-06T21:35:31","slug":"evento-de-adocao-de-caes-de-pequeno-porte-e-gatos-sera-realizado-neste-sabado","status":"publish","type":"post","link":"https:\/\/diarioregionaldigital.com.br\/?p=141573","title":{"rendered":"Evento de ado\u00e7\u00e3o de c\u00e3es de pequeno porte e gatos ser\u00e1 realizado neste s\u00e1bado"},"content":{"rendered":"<p>Neste s\u00e1bado, 8, ser\u00e1 realizado um evento de ado\u00e7\u00e3o especial, apenas com c\u00e3es de pequeno porte e gatos. Cerca de 15 c\u00e3es e 12 gatos ser\u00e3o levados ao evento, que acontecer\u00e1 das 10 \u00e0s 14 horas, no Hospital Veterin\u00e1rio Estrada Real, na Rua Alencar Trist\u00e3o, 287, Bairro Santa Terezinha. \u201cA procura por cachorros de pequeno porte \u00e9 muito alta e eles costumam ser adotados com maior facilidade, por isso um evento voltado s\u00f3 para eles\u201d, explica a gerente do Departamento de Controle Animal (Dcan), Miriam Neder.<\/p>\n<p>O Canil Municipal, do Departamento Municipal de Limpeza Urbana (Demlurb), informa que \u00e9 necess\u00e1rio levar documento original com foto, comprovante de resid\u00eancia e ser maior de idade para realizar a ado\u00e7\u00e3o. E para ser volunt\u00e1rio \u00e9 preciso chegar meia hora antes do in\u00edcio do evento, ou seja, 9h30. Os volunt\u00e1rios e servidores conversar\u00e3o com os visitantes, tirar\u00e3o d\u00favidas e incentivar\u00e3o a ado\u00e7\u00e3o. Al\u00e9m disso, brindes e amostras de ra\u00e7\u00e3o, cedidas por parceiros, ser\u00e3o entregues para os adotantes, assim que assinarem o termo de ado\u00e7\u00e3o.<\/p>\n<p>Quem n\u00e3o puder comparecer ao evento, mas quiser adotar, pode visitar o Canil Municipal de segunda a sexta-feira, das 9 horas \u00e0s 10h30 e das 13 horas \u00e0s 15h30. Outra op\u00e7\u00e3o \u00e9 atrav\u00e9s do telefone 3225-9933 do \u201cDisque Ado\u00e7\u00e3o\u201d, canal para saber melhor sobre os animais dispon\u00edveis.<\/p>\n","protected":false},"excerpt":{"rendered":"<p>Neste s\u00e1bado, 8, ser\u00e1 realizado um evento de ado\u00e7\u00e3o especial, apenas com c\u00e3es de pequeno porte e gatos. Cerca de 15 c\u00e3es e 12 gatos ser\u00e3o levados ao evento, que acontecer\u00e1 das 10 \u00e0s 14 horas, no Hospital Veterin\u00e1rio Estrada Real, na Rua Alencar Trist\u00e3o, 287, Bairro Santa Terezinha. \u201cA procura por cachorros de pequeno [&hellip;]<\/p>\n","protected":false},"author":96,"featured_media":141579,"comment_status":"closed","ping_status":"closed","sticky":false,"template":"","format":"standard","meta":{"footnotes":""},"categories":[253,436,440,439],"tags":[],"class_list":["post-141573","post","type-post","status-publish","format-standard","has-post-thumbnail","hentry","category-cidade","category-destaque-da-semana","category-destaques-do-dia","category-ultima-hora"],"_links":{"self":[{"href":"https:\/\/diarioregionaldigital.com.br\/index.php?rest_route=\/wp\/v2\/posts\/141573","targetHints":{"allow":["GET"]}}],"collection":[{"href":"https:\/\/diarioregionaldigital.com.br\/index.php?rest_route=\/wp\/v2\/posts"}],"about":[{"href":"https:\/\/diarioregionaldigital.com.br\/index.php?rest_route=\/wp\/v2\/types\/post"}],"author":[{"embeddable":true,"href":"https:\/\/diarioregionaldigital.com.br\/index.php?rest_route=\/wp\/v2\/users\/96"}],"replies":[{"embeddable":true,"href":"https:\/\/diarioregionaldigital.com.br\/index.php?rest_route=%2Fwp%2Fv2%2Fcomments&post=141573"}],"version-history":[{"count":0,"href":"https:\/\/diarioregionaldigital.com.br\/index.php?rest_route=\/wp\/v2\/posts\/141573\/revisions"}],"wp:featuredmedia":[{"embeddable":true,"href":"https:\/\/diarioregionaldigital.com.br\/index.php?rest_route=\/wp\/v2\/media\/141579"}],"wp:attachment":[{"href":"https:\/\/diarioregionaldigital.com.br\/index.php?rest_route=%2Fwp%2Fv2%2Fmedia&parent=141573"}],"wp:term":[{"taxonomy":"category","embeddable":true,"href":"https:\/\/diarioregionaldigital.com.br\/index.php?rest_route=%2Fwp%2Fv2%2Fcategories&post=141573"},{"taxonomy":"post_tag","embeddable":true,"href":"https:\/\/diarioregionaldigital.com.br\/index.php?rest_route=%2Fwp%2Fv2%2Ftags&post=141573"}],"curies":[{"name":"wp","href":"https:\/\/api.w.org\/{rel}","templated":true}]}}