{"id":141572,"date":"2019-06-06T18:00:02","date_gmt":"2019-06-06T21:00:02","guid":{"rendered":"https:\/\/diarioregionaldigital.com.br\/?p=141572"},"modified":"2019-06-06T18:32:34","modified_gmt":"2019-06-06T21:32:34","slug":"comunidades-juiz-foranas-participam-de-exercicio-de-evacuacao-de-barragens","status":"publish","type":"post","link":"https:\/\/diarioregionaldigital.com.br\/?p=141572","title":{"rendered":"Comunidades juiz-foranas participam de exerc\u00edcio de evacua\u00e7\u00e3o de barragens"},"content":{"rendered":"<p>Neste s\u00e1bado, 8, moradores das comunidades de Igrejinha e Vila S\u00e3o Jo\u00e3o Batista, de Juiz de Fora, v\u00e3o participar de um exerc\u00edcio de evacua\u00e7\u00e3o de emerg\u00eancia com barragens promovido pela Nexa Resources, antiga Votorantim Metais, empresa respons\u00e1vel pela Barragem dos Peixes, atualmente inativa, e pela Barragem da Pedra. Conforme a empresa, o treinamento, chamado de pr\u00e9-simulado, tem como objetivo preparar as comunidades do entorno da empresa e os agentes envolvidos para o simulado a ser realizado em outubro, como \u00faltima etapa do Plano de A\u00e7\u00f5es de Emerg\u00eancia.<\/p>\n<p>A atividade \u00e9 realizada em conjunto com a Defesa Civil, Pol\u00edcia Rodovi\u00e1ria Federal, Corpo de Bombeiros Militar, DNIT, Minist\u00e9rio P\u00fablico do Estado de Minas Gerais e Prefeitura de Juiz de Fora. De acordo com a Nexa, nos \u00faltimos meses, foram promovidas reuni\u00f5es de prepara\u00e7\u00e3o com moradores da Zona de Autossalvamento (ZAS), prefeitura, \u00f3rg\u00e3os de defesa civil, equipe de seguran\u00e7a da barragem e empregados da empresa. Todos esses grupos ser\u00e3o envolvidos na a\u00e7\u00e3o, que ser\u00e1 a primeira mobiliza\u00e7\u00e3o relacionada \u00e0 preven\u00e7\u00e3o no caso de emerg\u00eancia com barragens em Juiz de Fora<\/p>\n<p>O exerc\u00edcio, com in\u00edcio previsto para as 9h, ser\u00e1 feito em tr\u00eas etapas. As duas primeiras ser\u00e3o realizadas com as comunidades vizinhas. Ao ouvir os sinais sonoros e comandos de voz, os moradores est\u00e3o instru\u00eddos para reunir suas fam\u00edlias, se dirigirem ao ponto de encontro mais pr\u00f3ximo e aguardar instru\u00e7\u00f5es dos respons\u00e1veis. Segundo a empresa, esta \u00e9 uma oportunidade para que os moradores conhe\u00e7am, na pr\u00e1tica, os sinais sonoros, as rotas de fuga e os pontos de encontro seguros. A terceira etapa do exerc\u00edcio tem como objetivo avaliar a evacua\u00e7\u00e3o dos empregados da unidade. O resultado do treinamento ser\u00e1 avaliado e servir\u00e1 de subs\u00eddio para melhorias no planejamento do simulado de outubro e das a\u00e7\u00f5es preventivas de emerg\u00eancia.<\/p>\n<p>&nbsp;<\/p>\n","protected":false},"excerpt":{"rendered":"<p>Neste s\u00e1bado, 8, moradores das comunidades de Igrejinha e Vila S\u00e3o Jo\u00e3o Batista, de Juiz de Fora, v\u00e3o participar de um exerc\u00edcio de evacua\u00e7\u00e3o de emerg\u00eancia com barragens promovido pela Nexa Resources, antiga Votorantim Metais, empresa respons\u00e1vel pela Barragem dos Peixes, atualmente inativa, e pela Barragem da Pedra. Conforme a empresa, o treinamento, chamado de [&hellip;]<\/p>\n","protected":false},"author":96,"featured_media":141575,"comment_status":"closed","ping_status":"closed","sticky":false,"template":"","format":"standard","meta":{"footnotes":""},"categories":[253,436,440,439],"tags":[],"class_list":["post-141572","post","type-post","status-publish","format-standard","has-post-thumbnail","hentry","category-cidade","category-destaque-da-semana","category-destaques-do-dia","category-ultima-hora"],"_links":{"self":[{"href":"https:\/\/diarioregionaldigital.com.br\/index.php?rest_route=\/wp\/v2\/posts\/141572","targetHints":{"allow":["GET"]}}],"collection":[{"href":"https:\/\/diarioregionaldigital.com.br\/index.php?rest_route=\/wp\/v2\/posts"}],"about":[{"href":"https:\/\/diarioregionaldigital.com.br\/index.php?rest_route=\/wp\/v2\/types\/post"}],"author":[{"embeddable":true,"href":"https:\/\/diarioregionaldigital.com.br\/index.php?rest_route=\/wp\/v2\/users\/96"}],"replies":[{"embeddable":true,"href":"https:\/\/diarioregionaldigital.com.br\/index.php?rest_route=%2Fwp%2Fv2%2Fcomments&post=141572"}],"version-history":[{"count":0,"href":"https:\/\/diarioregionaldigital.com.br\/index.php?rest_route=\/wp\/v2\/posts\/141572\/revisions"}],"wp:featuredmedia":[{"embeddable":true,"href":"https:\/\/diarioregionaldigital.com.br\/index.php?rest_route=\/wp\/v2\/media\/141575"}],"wp:attachment":[{"href":"https:\/\/diarioregionaldigital.com.br\/index.php?rest_route=%2Fwp%2Fv2%2Fmedia&parent=141572"}],"wp:term":[{"taxonomy":"category","embeddable":true,"href":"https:\/\/diarioregionaldigital.com.br\/index.php?rest_route=%2Fwp%2Fv2%2Fcategories&post=141572"},{"taxonomy":"post_tag","embeddable":true,"href":"https:\/\/diarioregionaldigital.com.br\/index.php?rest_route=%2Fwp%2Fv2%2Ftags&post=141572"}],"curies":[{"name":"wp","href":"https:\/\/api.w.org\/{rel}","templated":true}]}}