{"id":141565,"date":"2019-06-07T06:00:33","date_gmt":"2019-06-07T09:00:33","guid":{"rendered":"https:\/\/diarioregionaldigital.com.br\/?p=141565"},"modified":"2019-06-06T18:33:13","modified_gmt":"2019-06-06T21:33:13","slug":"comarca-convocacao-assembleia-07-06-19","status":"publish","type":"post","link":"https:\/\/diarioregionaldigital.com.br\/?p=141565","title":{"rendered":"Comarca &#8211; Convoca\u00e7\u00e3o Assembl\u00e9ia &#8211; 07\/06\/19"},"content":{"rendered":"<h2 style=\"text-align: center;\"><span style=\"font-size: 10pt;\"><strong>C O N V O C A \u00c7 \u00c3 O<\/strong><\/span><\/h2>\n<p style=\"text-align: center;\">O Condom\u00ednio do Edif\u00edcio Ana L\u00eddia, sediado na Rua S\u00e3o Jo\u00e3o Nepomuceno, n\u00ba 215, Centro, Nesta, por seu s\u00edndico convoca os Srs. Cond\u00f4minos para \u00e0 Assembl\u00e9ia Geral Extraordin\u00e1ria a ser realizada no dia <strong><u>17 de Junho de 2019<\/u><\/strong>, \u00e0s 19:00h. em 1\u00aa convoca\u00e7\u00e3o e, \u00e0s <strong><u>19:30h<\/u><\/strong>. em 2\u00aa convoca\u00e7\u00e3o, independente do n\u00famero de presentes, no apartamento 501 do citado Edif\u00edcio. <u>Assuntos<\/u>: 1) Presta\u00e7\u00e3o de contas per\u00edodo abril\/2017 \u00e0 Maio\/2019; 2) Elei\u00e7\u00e3o S\u00edndico e Subs\u00edndico; 3) Reajuste Taxa Condominial Ordin\u00e1ria; 4) Manuten\u00e7\u00f5es e reparos no Edif\u00edcio; 5) Pintura interna; 6) Institui\u00e7\u00e3o de Taxa Extra; 7) Substitui\u00e7\u00e3o Interfone; 8) Assuntos gerais.<\/p>\n<p style=\"text-align: center;\"><strong>Juiz de Fora, 06 de Junho de 2019.<\/strong><\/p>\n<p style=\"text-align: center;\"><strong>Caio C\u00e9sar F. Martins.<\/strong><\/p>\n<p style=\"text-align: center;\">\n","protected":false},"excerpt":{"rendered":"<p>C O N V O C A \u00c7 \u00c3 O O Condom\u00ednio do Edif\u00edcio Ana L\u00eddia, sediado na Rua S\u00e3o Jo\u00e3o Nepomuceno, n\u00ba 215, Centro, Nesta, por seu s\u00edndico convoca os Srs. Cond\u00f4minos para \u00e0 Assembl\u00e9ia Geral Extraordin\u00e1ria a ser realizada no dia 17 de Junho de 2019, \u00e0s 19:00h. em 1\u00aa convoca\u00e7\u00e3o e, \u00e0s [&hellip;]<\/p>\n","protected":false},"author":96,"featured_media":0,"comment_status":"closed","ping_status":"closed","sticky":false,"template":"","format":"standard","meta":{"footnotes":""},"categories":[307],"tags":[],"class_list":["post-141565","post","type-post","status-publish","format-standard","hentry","category-editais"],"_links":{"self":[{"href":"https:\/\/diarioregionaldigital.com.br\/index.php?rest_route=\/wp\/v2\/posts\/141565","targetHints":{"allow":["GET"]}}],"collection":[{"href":"https:\/\/diarioregionaldigital.com.br\/index.php?rest_route=\/wp\/v2\/posts"}],"about":[{"href":"https:\/\/diarioregionaldigital.com.br\/index.php?rest_route=\/wp\/v2\/types\/post"}],"author":[{"embeddable":true,"href":"https:\/\/diarioregionaldigital.com.br\/index.php?rest_route=\/wp\/v2\/users\/96"}],"replies":[{"embeddable":true,"href":"https:\/\/diarioregionaldigital.com.br\/index.php?rest_route=%2Fwp%2Fv2%2Fcomments&post=141565"}],"version-history":[{"count":0,"href":"https:\/\/diarioregionaldigital.com.br\/index.php?rest_route=\/wp\/v2\/posts\/141565\/revisions"}],"wp:attachment":[{"href":"https:\/\/diarioregionaldigital.com.br\/index.php?rest_route=%2Fwp%2Fv2%2Fmedia&parent=141565"}],"wp:term":[{"taxonomy":"category","embeddable":true,"href":"https:\/\/diarioregionaldigital.com.br\/index.php?rest_route=%2Fwp%2Fv2%2Fcategories&post=141565"},{"taxonomy":"post_tag","embeddable":true,"href":"https:\/\/diarioregionaldigital.com.br\/index.php?rest_route=%2Fwp%2Fv2%2Ftags&post=141565"}],"curies":[{"name":"wp","href":"https:\/\/api.w.org\/{rel}","templated":true}]}}