{"id":141559,"date":"2019-06-06T18:09:18","date_gmt":"2019-06-06T21:09:18","guid":{"rendered":"https:\/\/diarioregionaldigital.com.br\/?p=141559"},"modified":"2019-06-06T18:09:18","modified_gmt":"2019-06-06T21:09:18","slug":"trump-ameaca-china-com-tarifas-sobre-mais-us-300-bilhoes-em-produtos","status":"publish","type":"post","link":"https:\/\/diarioregionaldigital.com.br\/?p=141559","title":{"rendered":"Trump amea\u00e7a China com tarifas sobre mais US$ 300 bilh\u00f5es em produtos"},"content":{"rendered":"<p>O presidente dos Estados Unidos (EUA), Donald Trump, amea\u00e7ou impor tarifas sobre &#8220;pelo menos&#8221; mais US$ 300 bilh\u00f5es em produtos chineses, mas disse acreditar que tanto a China quanto o M\u00e9xico querem fazer acordos nas disputas comerciais com os EUA.<\/p>\n<p>As tens\u00f5es entre as duas maiores economias do mundo aumentaram acentuadamente desde que as conversas que visavam a acabar com uma guerra comercial acirrada fracassaram no in\u00edcio de maio.<\/p>\n<p>Embora Trump tenha dito nesta quinta-feira (6) que as conversas com a China prosseguem, n\u00e3o houve encontros bilaterais desde 10 de maio, dia em que ele aumentou em 25% as tarifas sobre US$ 200 bilh\u00f5es em produtos chineses, levando Pequim a retaliar.<\/p>\n<p>&#8220;Nossas conversas com a China, muitas coisas interessantes est\u00e3o acontecendo. Veremos o que ocorre&#8230; eu poderia aumentar ao menos outros US$ 300 bilh\u00f5es, e o farei na hora certa&#8221;, disse Trump a rep\u00f3rteres, sem especificar quais bens poderiam se afetados.<\/p>\n<p>&#8220;Mas acho que a China quer fazer um acordo e acho que o M\u00e9xico quer muito fazer um acordo&#8221;, disse Trump antes de subir a bordo do For\u00e7a A\u00e9rea 1, no aeroporto irland\u00eas de Shannon, para acompanhar as comemora\u00e7\u00f5es do Dia D na Fran\u00e7a.<\/p>\n<p>Em Pequim, o Minist\u00e9rio do Com\u00e9rcio chin\u00eas adotou um tom desafiador.<\/p>\n<p>&#8220;Se os Estados Unidos decidirem escalar as tens\u00f5es propositalmente, lutaremos at\u00e9 o fim&#8221;, disse o porta-voz do minist\u00e9rio, Gao Feng, em boletim \u00e0 imprensa.<\/p>\n<p>&#8220;A China n\u00e3o quer travar uma guerra comercial, mas tampouco tem medo de uma. Se os Estados Unidos decidirem escalar as tens\u00f5es propositalmente, adotaremos as contramedidas necess\u00e1rias e salvaguardaremos resolutamente os interesses da China e de seu povo&#8221;.<\/p>\n<p>O Minist\u00e9rio do Com\u00e9rcio tamb\u00e9m divulgou relat\u00f3rio sobre como os EUA se beneficiaram de anos de coopera\u00e7\u00e3o econ\u00f4mica e comercial com a China, afirmando que as alega\u00e7\u00f5es norte-americanas de que Pequim se aproveitou do com\u00e9rcio bilateral s\u00e3o infundadas.<\/p>\n<p>&#8220;Desde que o novo governo dos EUA tomou posse, vem desconsiderando a natureza mutuamente ben\u00e9fica e vantajosa da coopera\u00e7\u00e3o econ\u00f4mica e comercial China-EUA e advogando a teoria de que os Estados Unidos foram &#8216;derrotados&#8217; pela China no com\u00e9rcio&#8221;, disse a pasta em relat\u00f3rio.<\/p>\n<p>Depois de dizer que n\u00e3o houve progresso &#8220;suficiente&#8221; nas formas de conter a imigra\u00e7\u00e3o quando os dois lados se encontraram na quarta-feira, Trump disse hoje aos rep\u00f3rteres que o M\u00e9xico avan\u00e7ou nas conversas, mas que precisa fazer mais.<\/p>\n<p>Fonte: Ag\u00eancia Brasil<\/p>\n","protected":false},"excerpt":{"rendered":"<p>O presidente dos Estados Unidos (EUA), Donald Trump, amea\u00e7ou impor tarifas sobre &#8220;pelo menos&#8221; mais US$ 300 bilh\u00f5es em produtos chineses, mas disse acreditar que tanto a China quanto o M\u00e9xico querem fazer acordos nas disputas comerciais com os EUA. As tens\u00f5es entre as duas maiores economias do mundo aumentaram acentuadamente desde que as conversas [&hellip;]<\/p>\n","protected":false},"author":96,"featured_media":141566,"comment_status":"closed","ping_status":"closed","sticky":false,"template":"","format":"standard","meta":{"footnotes":""},"categories":[302,436,439],"tags":[],"class_list":["post-141559","post","type-post","status-publish","format-standard","has-post-thumbnail","hentry","category-brasil-mundo","category-destaque-da-semana","category-ultima-hora"],"_links":{"self":[{"href":"https:\/\/diarioregionaldigital.com.br\/index.php?rest_route=\/wp\/v2\/posts\/141559","targetHints":{"allow":["GET"]}}],"collection":[{"href":"https:\/\/diarioregionaldigital.com.br\/index.php?rest_route=\/wp\/v2\/posts"}],"about":[{"href":"https:\/\/diarioregionaldigital.com.br\/index.php?rest_route=\/wp\/v2\/types\/post"}],"author":[{"embeddable":true,"href":"https:\/\/diarioregionaldigital.com.br\/index.php?rest_route=\/wp\/v2\/users\/96"}],"replies":[{"embeddable":true,"href":"https:\/\/diarioregionaldigital.com.br\/index.php?rest_route=%2Fwp%2Fv2%2Fcomments&post=141559"}],"version-history":[{"count":0,"href":"https:\/\/diarioregionaldigital.com.br\/index.php?rest_route=\/wp\/v2\/posts\/141559\/revisions"}],"wp:featuredmedia":[{"embeddable":true,"href":"https:\/\/diarioregionaldigital.com.br\/index.php?rest_route=\/wp\/v2\/media\/141566"}],"wp:attachment":[{"href":"https:\/\/diarioregionaldigital.com.br\/index.php?rest_route=%2Fwp%2Fv2%2Fmedia&parent=141559"}],"wp:term":[{"taxonomy":"category","embeddable":true,"href":"https:\/\/diarioregionaldigital.com.br\/index.php?rest_route=%2Fwp%2Fv2%2Fcategories&post=141559"},{"taxonomy":"post_tag","embeddable":true,"href":"https:\/\/diarioregionaldigital.com.br\/index.php?rest_route=%2Fwp%2Fv2%2Ftags&post=141559"}],"curies":[{"name":"wp","href":"https:\/\/api.w.org\/{rel}","templated":true}]}}