{"id":141551,"date":"2019-06-09T06:00:35","date_gmt":"2019-06-09T09:00:35","guid":{"rendered":"https:\/\/diarioregionaldigital.com.br\/?p=141551"},"modified":"2019-06-06T17:52:22","modified_gmt":"2019-06-06T20:52:22","slug":"preco-medio-do-leite-tipo-c-tem-queda-de-016","status":"publish","type":"post","link":"https:\/\/diarioregionaldigital.com.br\/?p=141551","title":{"rendered":"Pre\u00e7o m\u00e9dio do leite tipo C tem queda de 0,16%"},"content":{"rendered":"<p>A nova pesquisa realizada pela Secretaria de Desenvolvimento Econ\u00f4mico, Turismo e Agropecu\u00e1ria (Sedeta) da Prefeitura de Juiz de Fora (PJF), registrou queda no pre\u00e7o m\u00e9dio do leite pasteurizado integral tipo C na cidade.<\/p>\n<p>De acordo com os dados, o produto teve queda de 0,16% em rela\u00e7\u00e3o \u00e0 \u00faltima semana, passando de R$ 3,37 para R$ 3,36. Ovalor m\u00e1ximo teve redu\u00e7\u00e3o de R$ 0,25, passando para R$ 4,25.<\/p>\n<p>Com objetivo de informar a popula\u00e7\u00e3o sobre varia\u00e7\u00f5es de pre\u00e7o do produto, o Departamento de Abastecimento (Daba) da Sedeta realiza o levantamento semanalmente em 53 estabelecimentos, nas oito regi\u00f5es do munic\u00edpio. Por meio do percentual do valor m\u00e9dio de comercializa\u00e7\u00e3o, os latic\u00ednios estabelecem o pre\u00e7o do leite\u00a0in naturacom produtores da cidade e regi\u00e3o.<\/p>\n<p>&nbsp;<\/p>\n","protected":false},"excerpt":{"rendered":"<p>A nova pesquisa realizada pela Secretaria de Desenvolvimento Econ\u00f4mico, Turismo e Agropecu\u00e1ria (Sedeta) da Prefeitura de Juiz de Fora (PJF), registrou queda no pre\u00e7o m\u00e9dio do leite pasteurizado integral tipo C na cidade. De acordo com os dados, o produto teve queda de 0,16% em rela\u00e7\u00e3o \u00e0 \u00faltima semana, passando de R$ 3,37 para R$ [&hellip;]<\/p>\n","protected":false},"author":96,"featured_media":141545,"comment_status":"closed","ping_status":"closed","sticky":false,"template":"","format":"standard","meta":{"footnotes":""},"categories":[253,436,439],"tags":[],"class_list":["post-141551","post","type-post","status-publish","format-standard","has-post-thumbnail","hentry","category-cidade","category-destaque-da-semana","category-ultima-hora"],"_links":{"self":[{"href":"https:\/\/diarioregionaldigital.com.br\/index.php?rest_route=\/wp\/v2\/posts\/141551","targetHints":{"allow":["GET"]}}],"collection":[{"href":"https:\/\/diarioregionaldigital.com.br\/index.php?rest_route=\/wp\/v2\/posts"}],"about":[{"href":"https:\/\/diarioregionaldigital.com.br\/index.php?rest_route=\/wp\/v2\/types\/post"}],"author":[{"embeddable":true,"href":"https:\/\/diarioregionaldigital.com.br\/index.php?rest_route=\/wp\/v2\/users\/96"}],"replies":[{"embeddable":true,"href":"https:\/\/diarioregionaldigital.com.br\/index.php?rest_route=%2Fwp%2Fv2%2Fcomments&post=141551"}],"version-history":[{"count":0,"href":"https:\/\/diarioregionaldigital.com.br\/index.php?rest_route=\/wp\/v2\/posts\/141551\/revisions"}],"wp:featuredmedia":[{"embeddable":true,"href":"https:\/\/diarioregionaldigital.com.br\/index.php?rest_route=\/wp\/v2\/media\/141545"}],"wp:attachment":[{"href":"https:\/\/diarioregionaldigital.com.br\/index.php?rest_route=%2Fwp%2Fv2%2Fmedia&parent=141551"}],"wp:term":[{"taxonomy":"category","embeddable":true,"href":"https:\/\/diarioregionaldigital.com.br\/index.php?rest_route=%2Fwp%2Fv2%2Fcategories&post=141551"},{"taxonomy":"post_tag","embeddable":true,"href":"https:\/\/diarioregionaldigital.com.br\/index.php?rest_route=%2Fwp%2Fv2%2Ftags&post=141551"}],"curies":[{"name":"wp","href":"https:\/\/api.w.org\/{rel}","templated":true}]}}