{"id":141550,"date":"2019-06-10T06:00:20","date_gmt":"2019-06-10T09:00:20","guid":{"rendered":"https:\/\/diarioregionaldigital.com.br\/?p=141550"},"modified":"2019-06-10T15:30:37","modified_gmt":"2019-06-10T18:30:37","slug":"inscricoes-para-o-2o-semestre-do-prouni-comecam-nesta-terca-feira","status":"publish","type":"post","link":"https:\/\/diarioregionaldigital.com.br\/?p=141550","title":{"rendered":"Inscri\u00e7\u00f5es para o 2\u00ba semestre do ProUni come\u00e7am nesta ter\u00e7a-feira"},"content":{"rendered":"<p>Nesta ter\u00e7a-feira, 11, o Programa Universidade para Todos (ProUni) vai abrir inscri\u00e7\u00f5es para bolsas de estudo em institui\u00e7\u00f5es particulares de ensino superior. As bolsas de estudo ofertadas s\u00e3o parciais, de 50% do valor da mensalidade, e integrais, de 100%, e s\u00e3o para o segundo semestre deste ano. O prazo para participar da sele\u00e7\u00e3o vai at\u00e9 14 de junho e inscri\u00e7\u00e3o dever\u00e1 ser feita pela internet, no\u00a0<a href=\"http:\/\/prouniportal.mec.gov.br\/\">site<\/a>\u00a0do Prouni.<\/p>\n<p>As bolsas integrais s\u00e3o destinadas a estudantes com renda familiar bruta per capita de at\u00e9 1,5 sal\u00e1rio m\u00ednimo. J\u00e1 as bolsas parciais contemplaram os candidatos que t\u00eam renda familiar bruta per capita de at\u00e9 3 sal\u00e1rios m\u00ednimos.Podem se inscrever aqueles que n\u00e3o tenham diploma de curso superior e que tenham participado do Exame Nacional do Ensino M\u00e9dio (Enem) 2018, tendo obtido uma nota m\u00ednima de 450 pontos na m\u00e9dia aritm\u00e9tica das notas obtidas nas provas do Enem e n\u00e3o tenha tirado zero na reda\u00e7\u00e3o. Al\u00e9m disso, cada estudante precisa ter cursado o ensino m\u00e9dio completo em escola p\u00fablica ou em institui\u00e7\u00e3o privada como bolsista integral.<\/p>\n<p>Tamb\u00e9m podem participar do programa estudantes com defici\u00eancia e professores da rede p\u00fablica.A divulga\u00e7\u00e3o do resultado da primeira chamada est\u00e1 prevista para 18 de junho deste ano. J\u00e1 a segunda chamada ser\u00e1 no dia 2 de julho.<\/p>\n<p>O candidato pr\u00e9-selecionado dever\u00e1 comparecer \u00e0 respectiva institui\u00e7\u00e3o de ensino superior para comprova\u00e7\u00e3o das informa\u00e7\u00f5es no per\u00edodo de 18 a 28 de junho, caso tenha sido selecionado na primeira chamada e de 2 a 11 de julho na segunda.A lista de espera, caso as vagas n\u00e3o sejam ocupadas, fica dispon\u00edvel no site para consulta pelas institui\u00e7\u00f5es de ensino no dia 18 de julho.<\/p>\n<p>&nbsp;<\/p>\n","protected":false},"excerpt":{"rendered":"<p>Nesta ter\u00e7a-feira, 11, o Programa Universidade para Todos (ProUni) vai abrir inscri\u00e7\u00f5es para bolsas de estudo em institui\u00e7\u00f5es particulares de ensino superior. As bolsas de estudo ofertadas s\u00e3o parciais, de 50% do valor da mensalidade, e integrais, de 100%, e s\u00e3o para o segundo semestre deste ano. O prazo para participar da sele\u00e7\u00e3o vai at\u00e9 [&hellip;]<\/p>\n","protected":false},"author":96,"featured_media":141547,"comment_status":"closed","ping_status":"closed","sticky":false,"template":"","format":"standard","meta":{"footnotes":""},"categories":[253,436,440,439],"tags":[],"class_list":["post-141550","post","type-post","status-publish","format-standard","has-post-thumbnail","hentry","category-cidade","category-destaque-da-semana","category-destaques-do-dia","category-ultima-hora"],"_links":{"self":[{"href":"https:\/\/diarioregionaldigital.com.br\/index.php?rest_route=\/wp\/v2\/posts\/141550","targetHints":{"allow":["GET"]}}],"collection":[{"href":"https:\/\/diarioregionaldigital.com.br\/index.php?rest_route=\/wp\/v2\/posts"}],"about":[{"href":"https:\/\/diarioregionaldigital.com.br\/index.php?rest_route=\/wp\/v2\/types\/post"}],"author":[{"embeddable":true,"href":"https:\/\/diarioregionaldigital.com.br\/index.php?rest_route=\/wp\/v2\/users\/96"}],"replies":[{"embeddable":true,"href":"https:\/\/diarioregionaldigital.com.br\/index.php?rest_route=%2Fwp%2Fv2%2Fcomments&post=141550"}],"version-history":[{"count":0,"href":"https:\/\/diarioregionaldigital.com.br\/index.php?rest_route=\/wp\/v2\/posts\/141550\/revisions"}],"wp:featuredmedia":[{"embeddable":true,"href":"https:\/\/diarioregionaldigital.com.br\/index.php?rest_route=\/wp\/v2\/media\/141547"}],"wp:attachment":[{"href":"https:\/\/diarioregionaldigital.com.br\/index.php?rest_route=%2Fwp%2Fv2%2Fmedia&parent=141550"}],"wp:term":[{"taxonomy":"category","embeddable":true,"href":"https:\/\/diarioregionaldigital.com.br\/index.php?rest_route=%2Fwp%2Fv2%2Fcategories&post=141550"},{"taxonomy":"post_tag","embeddable":true,"href":"https:\/\/diarioregionaldigital.com.br\/index.php?rest_route=%2Fwp%2Fv2%2Ftags&post=141550"}],"curies":[{"name":"wp","href":"https:\/\/api.w.org\/{rel}","templated":true}]}}