{"id":141540,"date":"2019-06-09T06:00:31","date_gmt":"2019-06-09T09:00:31","guid":{"rendered":"https:\/\/diarioregionaldigital.com.br\/?p=141540"},"modified":"2019-06-06T17:49:19","modified_gmt":"2019-06-06T20:49:19","slug":"juiz-de-fora-produz-cerca-de-500-toneladas-de-lixo-por-dia","status":"publish","type":"post","link":"https:\/\/diarioregionaldigital.com.br\/?p=141540","title":{"rendered":"Juiz de Fora produz cerca de 500 toneladas de lixo por dia"},"content":{"rendered":"<p>A Prefeitura de Juiz de Fora (PJF) segue com a campanha \u201cEu cuido de JF \u2013 Se \u00e9 p\u00fablico, tamb\u00e9m \u00e9 seu\u201d, da Secretaria de Comunica\u00e7\u00e3o P\u00fablica (Secom), que tem como objetivo conscientizar a popula\u00e7\u00e3o para o cuidado com o bem p\u00fablico mostrando que os recursos e a m\u00e3o de obra da PJF podem ser melhores aproveitados.<\/p>\n<p>Desta vez, a PJF divulgou, com base nos dados do Departamento Municipal de Limpeza Urbana (Demlurb), que Juiz de Fora produz cerca de 500 toneladas de lixo por dia \u2013 o que equivale ao descarte, em m\u00e9dia, de um quilo de res\u00edduo por cidad\u00e3o. Somente no ch\u00e3o da regi\u00e3o central da cidade, cerca de cinco toneladas s\u00e3o recolhidas por dia. Na Avenida Get\u00falio Vargas a quantidade chega a uma tonelada retirada diariamente.<\/p>\n<p>Lixo descartado incorretamente pode virar foco de animais que causam doen\u00e7as, provocam mau cheiro e, principalmente, entope bueiros e escoamentos, provocando inunda\u00e7\u00f5es e deixando a cidade suja. Para o diretor-operacional do Demlurb, Tiago Rocha dos Santos, a colabora\u00e7\u00e3o da popula\u00e7\u00e3o em participar e ajudar o poder p\u00fablico a manter a cidade limpa, n\u00e3o jogando lixo, materiais sem serventia e entulhos em ruas, cal\u00e7adas, terrenos e vias p\u00fablicas, \u00e9 de suma import\u00e2ncia:\u201cA conscientiza\u00e7\u00e3o deve partir de cada cidad\u00e3o, ao se lembrar que a preserva\u00e7\u00e3o do espa\u00e7o p\u00fablico \u00e9 dever de todos. Uma cidade bem cuidada se constr\u00f3i com a colabora\u00e7\u00e3o de toda a popula\u00e7\u00e3o\u201d.<\/p>\n<p>Em via p\u00fablica, os res\u00edduos devem ser descartados nas diversas lixeiras espalhadas pela cidade, e o lixo domiciliar somente nos locais e hor\u00e1rios corretos, que podem ser conferidos no site\u00a0<a href=\"http:\/\/www.demlurb.pjf.mg.gov.br\/\">demlurb.pjf.mg.gov.br<\/a>\u00a0ou pelo \u201cAl\u00f4 Demlurb\u201d, no telefone 3690-3500.<\/p>\n<p>&nbsp;<\/p>\n<p><strong>BOCAS DE LOBO<\/strong><\/p>\n<p>Outro detalhe j\u00e1 divulgado pela PJF durante a campanha \u00e9 referente ao acumulo de lixo nas bocas de lobo. De acordo com as informa\u00e7\u00f5es, a Secretaria de Obras (SO) retira, por semana, 30 toneladas de lixo durante a manuten\u00e7\u00e3o das bocas de lobo na cidade.<\/p>\n<p>S\u00e3o embalagens de biscoito, palitos de picol\u00e9, garrafas pet de refrigerante ou caixinha de suco, entre outros tipos de materiais retirados durante a limpeza, sendo 90% do lixo proveniente da pr\u00f3pria popula\u00e7\u00e3o. Conforme a PJF, no caso das bocas de lobo, s\u00e3o gastas 1h30 limpando uma \u00fanica caixa, tempo que poderia ser gasto limpando mais equipamentos.<\/p>\n","protected":false},"excerpt":{"rendered":"<p>A Prefeitura de Juiz de Fora (PJF) segue com a campanha \u201cEu cuido de JF \u2013 Se \u00e9 p\u00fablico, tamb\u00e9m \u00e9 seu\u201d, da Secretaria de Comunica\u00e7\u00e3o P\u00fablica (Secom), que tem como objetivo conscientizar a popula\u00e7\u00e3o para o cuidado com o bem p\u00fablico mostrando que os recursos e a m\u00e3o de obra da PJF podem ser [&hellip;]<\/p>\n","protected":false},"author":96,"featured_media":141542,"comment_status":"closed","ping_status":"closed","sticky":false,"template":"","format":"standard","meta":{"footnotes":""},"categories":[253,436,440,439],"tags":[],"class_list":["post-141540","post","type-post","status-publish","format-standard","has-post-thumbnail","hentry","category-cidade","category-destaque-da-semana","category-destaques-do-dia","category-ultima-hora"],"_links":{"self":[{"href":"https:\/\/diarioregionaldigital.com.br\/index.php?rest_route=\/wp\/v2\/posts\/141540","targetHints":{"allow":["GET"]}}],"collection":[{"href":"https:\/\/diarioregionaldigital.com.br\/index.php?rest_route=\/wp\/v2\/posts"}],"about":[{"href":"https:\/\/diarioregionaldigital.com.br\/index.php?rest_route=\/wp\/v2\/types\/post"}],"author":[{"embeddable":true,"href":"https:\/\/diarioregionaldigital.com.br\/index.php?rest_route=\/wp\/v2\/users\/96"}],"replies":[{"embeddable":true,"href":"https:\/\/diarioregionaldigital.com.br\/index.php?rest_route=%2Fwp%2Fv2%2Fcomments&post=141540"}],"version-history":[{"count":0,"href":"https:\/\/diarioregionaldigital.com.br\/index.php?rest_route=\/wp\/v2\/posts\/141540\/revisions"}],"wp:featuredmedia":[{"embeddable":true,"href":"https:\/\/diarioregionaldigital.com.br\/index.php?rest_route=\/wp\/v2\/media\/141542"}],"wp:attachment":[{"href":"https:\/\/diarioregionaldigital.com.br\/index.php?rest_route=%2Fwp%2Fv2%2Fmedia&parent=141540"}],"wp:term":[{"taxonomy":"category","embeddable":true,"href":"https:\/\/diarioregionaldigital.com.br\/index.php?rest_route=%2Fwp%2Fv2%2Fcategories&post=141540"},{"taxonomy":"post_tag","embeddable":true,"href":"https:\/\/diarioregionaldigital.com.br\/index.php?rest_route=%2Fwp%2Fv2%2Ftags&post=141540"}],"curies":[{"name":"wp","href":"https:\/\/api.w.org\/{rel}","templated":true}]}}