{"id":141538,"date":"2019-06-09T06:00:04","date_gmt":"2019-06-09T09:00:04","guid":{"rendered":"https:\/\/diarioregionaldigital.com.br\/?p=141538"},"modified":"2019-06-06T17:48:03","modified_gmt":"2019-06-06T20:48:03","slug":"expectativas-do-comercio-para-o-dia-dos-namorados-sao-positivas","status":"publish","type":"post","link":"https:\/\/diarioregionaldigital.com.br\/?p=141538","title":{"rendered":"Expectativas do com\u00e9rcio para o Dia dos Namorados s\u00e3o positivas"},"content":{"rendered":"<p>Na pr\u00f3xima quarta-feira, 12, \u00e9 celebrado o Dia dos Namorados. Devido ao apelo emocional, a data se destaca no calend\u00e1rio de vendas do com\u00e9rcio e movimenta todos os setores do com\u00e9rcio varejista fazendo com que o volume de vendas cres\u00e7a.<\/p>\n<p>Em Juiz de Fora, as expectativas de aumento nas vendas para a data s\u00e3o positivas e variam de 3% a 5%. \u201cDevido ao grande movimento no com\u00e9rcio, o Dia dos Namorados tamb\u00e9m \u00e9 aguardado com boas expectativas pelos empres\u00e1rios do com\u00e9rcio de atacado e varejo\u201d destaca o presidente do Sindicom\u00e9rcio, Sindicato do Com\u00e9rcio de Juiz de Fora, Emerson Beloti.<\/p>\n<p>Com base na pesquisa realizada pela Fecom\u00e9rcio-MG, este ano, os principais itens escolhidos para presentes s\u00e3o: roupas (37,2%), cal\u00e7ados (14%), artigos de perfuraria (10,7%), bombons e chocolates (6,6%), flores e pequenas lembran\u00e7as (5%). O estudo ainda aponta que os consumidores devem optar por presentes entre R$70,00 e R$200,00 e a forma de pagamento escolhida \u00e9 o cart\u00e3o de cr\u00e9dito.<\/p>\n<p>Ainda conforme a pesquisa, para alavancar as vendas na data, 54,9% dos empres\u00e1rios ir\u00e3o investir em propagandas, 33,3% apostam nas promo\u00e7\u00f5es e liquida\u00e7\u00f5es para atrair o consumidor e 18,5% investir\u00e3o em sorteios e campanhas especificadas para a comemora\u00e7\u00e3o.<\/p>\n<p>&nbsp;<\/p>\n<p><strong>Procon\/JF orienta consumidores para compras no \u201cDia dos Namorados\u201d<\/strong><\/p>\n<p>A Ag\u00eancia de Prote\u00e7\u00e3o e Defesa do Consumidor (Procon\/JF) da Prefeitura de Juiz de Fora (PJF)reuniu importantes orienta\u00e7\u00f5es para quem pretende comprar produtos ou contratar servi\u00e7os espec\u00edficos da data a ser comemorada.<\/p>\n<p>A primeira dica \u00e9 ir \u00e0s compras com anteced\u00eancia e n\u00e3o comprar na primeira loja que entrar. O consumidor deve limitar um valor m\u00e1ximo que pretende gastar, a fim de n\u00e3o comprometer o or\u00e7amento mensal. Outra orienta\u00e7\u00e3o \u00e9 fazer levantamento de pre\u00e7o entre os estabelecimentos comerciais. O mesmo produto, da mesma marca e modelo, pode ser encontrado com pre\u00e7os bastante diferentes. Al\u00e9m da economia, a pesquisa oferece a possibilidade de encontrar bons descontos.<\/p>\n<p>O consumidor deve evitar parcelar o presente e dar prioridade ao pagamento \u00e0 vista. Se for dividir, \u00e9 muito importante ter conhecimento se h\u00e1 ou n\u00e3o taxas e juros embutidos. Na troca de produtos, vale a regra geral. S\u00e3o permitidas somente em casos de defeito. Mas se o lojista oferecer a possibilidade de trocar, as condi\u00e7\u00f5es devem ser registradas na etiqueta do produto ou na nota fiscal.<\/p>\n<p>Flores s\u00e3o uma boa op\u00e7\u00e3o.Por\u00e9m, a dica \u00e9 pesquisar com anteced\u00eancia, devido \u00e0 grande procura, que colabora para o aumento de pre\u00e7o do produto com a proximidade da data. \u00c9 recomend\u00e1vel verificar pre\u00e7o, tipo de flor e arranjo, pois o pre\u00e7o tamb\u00e9m \u00e9 ajust\u00e1vel de acordo com os itens escolhidos. Em caso de entrega, \u00e9 importante checar o valor do frete. A descri\u00e7\u00e3o do produto, identifica\u00e7\u00e3o do local e per\u00edodo de entrega devem ser feitos por escrito e solicitados pelo consumidor junto \u00e0 nota fiscal.<\/p>\n<p>Para cestas de caf\u00e9 da manh\u00e3, o consumidor deve ficar atento se produtos como p\u00e3es, chocolates e frutas est\u00e3o dentro do prazo de validade. Tamb\u00e9m \u00e9 importante exigir que n\u00e3o haja contato direto entre alimentos e flores ou outros objetos qu\u00edmicos, tais como perfumes e cosm\u00e9ticos, se tiverem inclu\u00eddos na cesta.O recomendado nesses casos \u00e9 adquirir cestas de empresas ou pessoas conhecidas, para evitar transtornos. Os vale-presentes s\u00e3o modalidades em alta, mas o consumidor deve ficar atento e cuidadoso quanto ao vale garantir e cumprir exatamente o combinado no an\u00fancio.<\/p>\n<p>Se for realizar compras pela internet, a dica \u00e9 saber sobre a reputa\u00e7\u00e3o do fornecedor. Apesar da comodidade e facilidade para se adquirir um produto, algumas vezes sites n\u00e3o confi\u00e1veis podem aparecer pelo caminho. Procure saber se existe reclama\u00e7\u00f5es contra a loja ou o fornecedor nos \u00f3rg\u00e3os de defesa do consumidor. As lojas online devem constar em seu site o endere\u00e7o f\u00edsico da loja, telefone para contato, e-mail e Cadastro Nacional de Pessoa Jur\u00eddica (CNPJ). Verifique ainda se aparece um cadeado na barra de endere\u00e7os e se o endere\u00e7o do site inicia com https.<\/p>\n<p>O consumidor dever\u00e1 guardar todos os dados das compras: n\u00famero do protocolo, confirma\u00e7\u00e3o do pedido, todas as mensagens trocadas com o fornecedor e outras informa\u00e7\u00f5es que comprovem a compra e as condi\u00e7\u00f5es. Isso facilitar\u00e1 o processo de reclama\u00e7\u00e3o, caso ocorra algum imprevisto. No caso de cumprimento do prazo de entrega, se poss\u00edvel, o consumidor deve optar pela programada, que permite a escolha da data e hora ou per\u00edodo, diminuindo as chances de dor de cabe\u00e7a com o atraso do produto. De acordo com o C\u00f3digo de Defesa do Consumidor (CDC), o direito de arrependimento d\u00e1 ao consumidor prazo de sete dias, contados a partir do recebimento do produto ou servi\u00e7o.<\/p>\n<p>\u00c9 conveniente fazer reserva antecipada em restaurante, churrascaria ou pizzaria, a fim de evitar longas esperas, caso haja pretens\u00e3o de se comemorar em estabelecimentos do g\u00eanero. No caso dos hot\u00e9is e mot\u00e9is, existe a obriga\u00e7\u00e3o de esclarecimentos quanto a pre\u00e7os, formas de pagamento e n\u00famero de horas da di\u00e1ria ou do pernoite. Os pre\u00e7os dos itens contidos no frigobar tamb\u00e9m devem ser informados previamente e por escrito.<\/p>\n<p>O consumidor deve exigir sempre a nota fiscal na compra, tanto f\u00edsica quanto online. No caso de algum problema ou defeito no produto, esse documento \u00e9 fundamental para o registro da reclama\u00e7\u00e3o no Procon\/JF e resguardo dos direitos dos consumidores.<\/p>\n","protected":false},"excerpt":{"rendered":"<p>Na pr\u00f3xima quarta-feira, 12, \u00e9 celebrado o Dia dos Namorados. Devido ao apelo emocional, a data se destaca no calend\u00e1rio de vendas do com\u00e9rcio e movimenta todos os setores do com\u00e9rcio varejista fazendo com que o volume de vendas cres\u00e7a. Em Juiz de Fora, as expectativas de aumento nas vendas para a data s\u00e3o positivas [&hellip;]<\/p>\n","protected":false},"author":96,"featured_media":141544,"comment_status":"closed","ping_status":"closed","sticky":false,"template":"","format":"standard","meta":{"footnotes":""},"categories":[253,436,440,439],"tags":[],"class_list":["post-141538","post","type-post","status-publish","format-standard","has-post-thumbnail","hentry","category-cidade","category-destaque-da-semana","category-destaques-do-dia","category-ultima-hora"],"_links":{"self":[{"href":"https:\/\/diarioregionaldigital.com.br\/index.php?rest_route=\/wp\/v2\/posts\/141538","targetHints":{"allow":["GET"]}}],"collection":[{"href":"https:\/\/diarioregionaldigital.com.br\/index.php?rest_route=\/wp\/v2\/posts"}],"about":[{"href":"https:\/\/diarioregionaldigital.com.br\/index.php?rest_route=\/wp\/v2\/types\/post"}],"author":[{"embeddable":true,"href":"https:\/\/diarioregionaldigital.com.br\/index.php?rest_route=\/wp\/v2\/users\/96"}],"replies":[{"embeddable":true,"href":"https:\/\/diarioregionaldigital.com.br\/index.php?rest_route=%2Fwp%2Fv2%2Fcomments&post=141538"}],"version-history":[{"count":0,"href":"https:\/\/diarioregionaldigital.com.br\/index.php?rest_route=\/wp\/v2\/posts\/141538\/revisions"}],"wp:featuredmedia":[{"embeddable":true,"href":"https:\/\/diarioregionaldigital.com.br\/index.php?rest_route=\/wp\/v2\/media\/141544"}],"wp:attachment":[{"href":"https:\/\/diarioregionaldigital.com.br\/index.php?rest_route=%2Fwp%2Fv2%2Fmedia&parent=141538"}],"wp:term":[{"taxonomy":"category","embeddable":true,"href":"https:\/\/diarioregionaldigital.com.br\/index.php?rest_route=%2Fwp%2Fv2%2Fcategories&post=141538"},{"taxonomy":"post_tag","embeddable":true,"href":"https:\/\/diarioregionaldigital.com.br\/index.php?rest_route=%2Fwp%2Fv2%2Ftags&post=141538"}],"curies":[{"name":"wp","href":"https:\/\/api.w.org\/{rel}","templated":true}]}}