{"id":141526,"date":"2019-06-09T06:00:16","date_gmt":"2019-06-09T09:00:16","guid":{"rendered":"https:\/\/diarioregionaldigital.com.br\/?p=141526"},"modified":"2019-06-06T17:39:08","modified_gmt":"2019-06-06T20:39:08","slug":"inflacao-para-familias-com-renda-mais-baixa-fica-em-026-em-maio","status":"publish","type":"post","link":"https:\/\/diarioregionaldigital.com.br\/?p=141526","title":{"rendered":"Infla\u00e7\u00e3o para fam\u00edlias com renda mais baixa fica em 0,26% em maio"},"content":{"rendered":"<p>O \u00cdndice de Pre\u00e7os ao Consumidor \u2013 Classe 1 (IPC-C1), que registra a varia\u00e7\u00e3o da cesta de compras de fam\u00edlias com renda at\u00e9 2,5 sal\u00e1rios m\u00ednimos, teve infla\u00e7\u00e3o de 0,26% em maio deste ano. Segundo a Funda\u00e7\u00e3o Getulio Vargas (FGV), a taxa \u00e9 inferior \u00e0 observada em abril (0,73%).<\/p>\n<p>O IPC-C1 acumula taxas de infla\u00e7\u00e3o de 2,79% no ano e de 5,5% em 12 meses, de acordo com a FGV.<\/p>\n<p>As taxas registradas pelo IPC-C1 ficaram acima das observadas no \u00cdndice de Pre\u00e7os ao Consumidor \u2013 Brasil (IPC-BR), que mede a infla\u00e7\u00e3o para todas as faixas de renda, e que ficou em 0,22% em maio e em 4,99% em 12 meses.<\/p>\n<p>De abril para maio, sete das oito classes de despesa componentes do \u00edndice registraram queda em suas taxas de varia\u00e7\u00e3o: alimenta\u00e7\u00e3o (de 0,76% em abril para 0,26% em maio), transportes (de 1,67% para 0,28%), sa\u00fade e cuidados pessoais (de 1,08% para 0,75%), vestu\u00e1rio (de 0,71% para 0,13%), educa\u00e7\u00e3o, leitura e recrea\u00e7\u00e3o (de 0,35% para 0,03%), despesas diversas (de 0,24% para 0,08%) e comunica\u00e7\u00e3o (de 0,02% para 0,12%).<\/p>\n<p>Por outro lado, o grupo habita\u00e7\u00e3o foi o \u00fanico a apresentar aumento da taxa de infla\u00e7\u00e3o na passagem de abril (0,31%) para maio (0,79%).<\/p>\n<p>&nbsp;<\/p>\n<p>Fonte: Ag\u00eancia Brasil<\/p>\n","protected":false},"excerpt":{"rendered":"<p>O \u00cdndice de Pre\u00e7os ao Consumidor \u2013 Classe 1 (IPC-C1), que registra a varia\u00e7\u00e3o da cesta de compras de fam\u00edlias com renda at\u00e9 2,5 sal\u00e1rios m\u00ednimos, teve infla\u00e7\u00e3o de 0,26% em maio deste ano. Segundo a Funda\u00e7\u00e3o Getulio Vargas (FGV), a taxa \u00e9 inferior \u00e0 observada em abril (0,73%). O IPC-C1 acumula taxas de infla\u00e7\u00e3o [&hellip;]<\/p>\n","protected":false},"author":96,"featured_media":141527,"comment_status":"closed","ping_status":"closed","sticky":false,"template":"","format":"standard","meta":{"footnotes":""},"categories":[436,261,439],"tags":[],"class_list":["post-141526","post","type-post","status-publish","format-standard","has-post-thumbnail","hentry","category-destaque-da-semana","category-economia","category-ultima-hora"],"_links":{"self":[{"href":"https:\/\/diarioregionaldigital.com.br\/index.php?rest_route=\/wp\/v2\/posts\/141526","targetHints":{"allow":["GET"]}}],"collection":[{"href":"https:\/\/diarioregionaldigital.com.br\/index.php?rest_route=\/wp\/v2\/posts"}],"about":[{"href":"https:\/\/diarioregionaldigital.com.br\/index.php?rest_route=\/wp\/v2\/types\/post"}],"author":[{"embeddable":true,"href":"https:\/\/diarioregionaldigital.com.br\/index.php?rest_route=\/wp\/v2\/users\/96"}],"replies":[{"embeddable":true,"href":"https:\/\/diarioregionaldigital.com.br\/index.php?rest_route=%2Fwp%2Fv2%2Fcomments&post=141526"}],"version-history":[{"count":0,"href":"https:\/\/diarioregionaldigital.com.br\/index.php?rest_route=\/wp\/v2\/posts\/141526\/revisions"}],"wp:featuredmedia":[{"embeddable":true,"href":"https:\/\/diarioregionaldigital.com.br\/index.php?rest_route=\/wp\/v2\/media\/141527"}],"wp:attachment":[{"href":"https:\/\/diarioregionaldigital.com.br\/index.php?rest_route=%2Fwp%2Fv2%2Fmedia&parent=141526"}],"wp:term":[{"taxonomy":"category","embeddable":true,"href":"https:\/\/diarioregionaldigital.com.br\/index.php?rest_route=%2Fwp%2Fv2%2Fcategories&post=141526"},{"taxonomy":"post_tag","embeddable":true,"href":"https:\/\/diarioregionaldigital.com.br\/index.php?rest_route=%2Fwp%2Fv2%2Ftags&post=141526"}],"curies":[{"name":"wp","href":"https:\/\/api.w.org\/{rel}","templated":true}]}}