{"id":141525,"date":"2019-06-09T06:00:13","date_gmt":"2019-06-09T09:00:13","guid":{"rendered":"https:\/\/diarioregionaldigital.com.br\/?p=141525"},"modified":"2019-06-06T17:40:33","modified_gmt":"2019-06-06T20:40:33","slug":"producao-de-veiculos-tem-alta-de-299-em-maio","status":"publish","type":"post","link":"https:\/\/diarioregionaldigital.com.br\/?p=141525","title":{"rendered":"Produ\u00e7\u00e3o de ve\u00edculos tem alta de 29,9% em maio"},"content":{"rendered":"<p>A produ\u00e7\u00e3o de ve\u00edculos teve alta de 29,9% em maio em compara\u00e7\u00e3o com o mesmo m\u00eas de 2018. Segundo o balan\u00e7o da Associa\u00e7\u00e3o Nacional de Fabricantes de Ve\u00edculos Automotores (Anfavea), foram montados ao longo de maio 275,7 mil unidades, contra 212,3 no mesmo per\u00edodo do ano passado. Em rela\u00e7\u00e3o a abril, o crescimento na fabrica\u00e7\u00e3o foi de 3,1%.<\/p>\n<p>O presidente da Anfavea, Luiz Carlos Moraes, ponderou que o crescimento expressivo no m\u00eas acontece devido \u00e0 compara\u00e7\u00e3o com um m\u00eas ruim para a ind\u00fastria, que foi prejudicado pela greve dos caminhoneiros, em maio do ano passado. \u201cParte desse crescimento \u00e9 porque a base de maio do ano passado teve oito dias de impacto\u201d, disse.<\/p>\n<p>No acumulado de janeiro a maio, o setor registrou uma expans\u00e3o de 5,3% em compara\u00e7\u00e3o com os primeiros cinco meses de 2018. Foram fabricados neste ano 1,24 milh\u00e3o de ve\u00edculos, enquanto no mesmo per\u00edodo do ano passado foram 1,17 milh\u00e3o de unidades.<\/p>\n<p>A fabrica\u00e7\u00e3o de caminh\u00f5es teve uma alta de 51,3% em maio, com a montagem de 11,2 mil unidades. No acumulado de janeiro a maio, o setor registra um crescimento de 10,9% em rela\u00e7\u00e3o ao mesmo per\u00edodo de 2018, com a produ\u00e7\u00e3o de 45,4 mil caminh\u00f5es.<\/p>\n<p>&nbsp;<\/p>\n<p><strong>Vendas<\/strong><\/p>\n<p>De janeiro a maio, as vendas de caminh\u00f5es tiveram alta de 48,5%, com a comercializa\u00e7\u00e3o de 39,1 mil unidades.<\/p>\n<p>As vendas de ve\u00edculos tiveram alta de 21,6% em maio na compara\u00e7\u00e3o com o mesmo m\u00eas do ano passado. Foram comercializadas no per\u00edodo 245,4 mil unidades. Em rela\u00e7\u00e3o a abril, o crescimento nos emplacamentos foi de 5,8%. No resultado acumulado dos primeiros cinco meses de 2019, foram licenciados 1,08 milh\u00e3o de ve\u00edculos, uma expans\u00e3o de 12,5%.<\/p>\n<p>&nbsp;<\/p>\n<p><strong>Exporta\u00e7\u00f5es<\/strong><\/p>\n<p>As exporta\u00e7\u00f5es ca\u00edram 30,7% no m\u00eas passado em compara\u00e7\u00e3o com maio de 2018. Foram vendidas para o exterior 60,8 mil unidades. De janeiro a maio, foram vendidos para outros pa\u00edses 181,6 mil ve\u00edculos, uma queda de 42,2% em rela\u00e7\u00e3o aos 314,1 mil exportados nos primeiros cinco meses do ano passado. De acordo com o presidente da Anfavea, as vendas para o exterior continuam sofrendo o impacto da retra\u00e7\u00e3o do mercado argentino, principal comprador dos carros brasileiros.<\/p>\n<p>&nbsp;<\/p>\n<p><strong>Emprego<\/strong><\/p>\n<p>O n\u00famero de pessoas trabalhando na ind\u00fastria automotiva registra retra\u00e7\u00e3o de 1,8% em maio na compara\u00e7\u00e3o com o n\u00edvel de emprego do mesmo m\u00eas de 2018. O \u00faltimo balan\u00e7o aponta para 130 mil pessoas empregadas no setor, uma ligeira queda (0,2%) em rela\u00e7\u00e3o a abril.<\/p>\n<p>Fonte: Ag\u00eancia Brasil<\/p>\n","protected":false},"excerpt":{"rendered":"<p>A produ\u00e7\u00e3o de ve\u00edculos teve alta de 29,9% em maio em compara\u00e7\u00e3o com o mesmo m\u00eas de 2018. Segundo o balan\u00e7o da Associa\u00e7\u00e3o Nacional de Fabricantes de Ve\u00edculos Automotores (Anfavea), foram montados ao longo de maio 275,7 mil unidades, contra 212,3 no mesmo per\u00edodo do ano passado. Em rela\u00e7\u00e3o a abril, o crescimento na fabrica\u00e7\u00e3o [&hellip;]<\/p>\n","protected":false},"author":96,"featured_media":141528,"comment_status":"closed","ping_status":"closed","sticky":false,"template":"","format":"standard","meta":{"footnotes":""},"categories":[436,261,439],"tags":[],"class_list":["post-141525","post","type-post","status-publish","format-standard","has-post-thumbnail","hentry","category-destaque-da-semana","category-economia","category-ultima-hora"],"_links":{"self":[{"href":"https:\/\/diarioregionaldigital.com.br\/index.php?rest_route=\/wp\/v2\/posts\/141525","targetHints":{"allow":["GET"]}}],"collection":[{"href":"https:\/\/diarioregionaldigital.com.br\/index.php?rest_route=\/wp\/v2\/posts"}],"about":[{"href":"https:\/\/diarioregionaldigital.com.br\/index.php?rest_route=\/wp\/v2\/types\/post"}],"author":[{"embeddable":true,"href":"https:\/\/diarioregionaldigital.com.br\/index.php?rest_route=\/wp\/v2\/users\/96"}],"replies":[{"embeddable":true,"href":"https:\/\/diarioregionaldigital.com.br\/index.php?rest_route=%2Fwp%2Fv2%2Fcomments&post=141525"}],"version-history":[{"count":0,"href":"https:\/\/diarioregionaldigital.com.br\/index.php?rest_route=\/wp\/v2\/posts\/141525\/revisions"}],"wp:featuredmedia":[{"embeddable":true,"href":"https:\/\/diarioregionaldigital.com.br\/index.php?rest_route=\/wp\/v2\/media\/141528"}],"wp:attachment":[{"href":"https:\/\/diarioregionaldigital.com.br\/index.php?rest_route=%2Fwp%2Fv2%2Fmedia&parent=141525"}],"wp:term":[{"taxonomy":"category","embeddable":true,"href":"https:\/\/diarioregionaldigital.com.br\/index.php?rest_route=%2Fwp%2Fv2%2Fcategories&post=141525"},{"taxonomy":"post_tag","embeddable":true,"href":"https:\/\/diarioregionaldigital.com.br\/index.php?rest_route=%2Fwp%2Fv2%2Ftags&post=141525"}],"curies":[{"name":"wp","href":"https:\/\/api.w.org\/{rel}","templated":true}]}}