{"id":141518,"date":"2019-06-06T17:32:22","date_gmt":"2019-06-06T20:32:22","guid":{"rendered":"https:\/\/diarioregionaldigital.com.br\/?p=141518"},"modified":"2019-06-06T17:32:22","modified_gmt":"2019-06-06T20:32:22","slug":"corpo-de-bombeiros-faz-demonstracao-para-conscientizacao-contra-queimaduras","status":"publish","type":"post","link":"https:\/\/diarioregionaldigital.com.br\/?p=141518","title":{"rendered":"Corpo de Bombeiros faz demonstra\u00e7\u00e3o para conscientiza\u00e7\u00e3o contra queimaduras"},"content":{"rendered":"<p>Em comemora\u00e7\u00e3o ao Dia Municipal de Conscientiza\u00e7\u00e3o de Acidentes com Queimaduras com Crian\u00e7as e Adolescentes, o sagu\u00e3o da C\u00e2mara Municipal recebeu nesta quinta-feira, 06, o Corpo de Bombeiros de Juiz de Fora, para dar esclarecimentos sobre as preven\u00e7\u00f5es a que precisam ser realizadas nas resid\u00eancias.<\/p>\n<p>O sargento Diogo Henrique Fernandes Coelho, utilizou um botij\u00e3o de g\u00e1s para dar orienta\u00e7\u00f5es a popula\u00e7\u00e3o sobre o uso correto e manuseio do produto. \u201cO botij\u00e3o de g\u00e1s precisa ser utilizado de maneira correta, as pessoas t\u00eam que, observar a validade da mangueira e n\u00e3o pode deixar com ela fique atr\u00e1s do forno, para n\u00e3o ter aquecimento\u201d. Diogo ressaltou ainda, sobre o uso adequado das panelas por cima do fog\u00e3o dizendo que \u201c\u00e9 importante deixar as al\u00e7as das panelas voltadas para dentro do fog\u00e3o, minimizando o risco de alguma crian\u00e7as pegar\u201d, finalizou.<\/p>\n<p>J\u00e1 a cabo Aline Soares Silva Andrade, relatou que o n\u00famero de queimaduras em crian\u00e7as tem crescido muito no munic\u00edpio e destacou que as pessoas precisam se conscientizar e prevenir. Aline destacou ainda que acidentes dom\u00e9sticos s\u00e3o comuns, mas \u00e9 importante ter cuidado o di\u00e1rio com as crian\u00e7as e adolescentes. \u201cAs queimaduras em geral acontecem principalmente com recipientes super aquecidos que est\u00e3o em cima dos fog\u00f5es\u201d, ela falou tamb\u00e9m dos riscos de equipamentos el\u00e9tricos deixados em tomadas. \u201c\u00c9 preciso observar se o equipamento est\u00e1 fora do alcance da crian\u00e7a. Pois acontece da crian\u00e7as pegar e levar a boca, ocasionando uma descarga el\u00e9trica.<\/p>\n<p>O vereador Fiorillo (PTC), autor da lei participou da a\u00e7\u00e3o e alertou aos pais da import\u00e2ncia da n\u00e3o perman\u00eancia de crian\u00e7as na cozinha. \u201cNosso intuito \u00e9 alertar aos pais dos perigos existentes dentro de casa. Um descuido j\u00e1 o suficiente para atingir as crian\u00e7as, por isso, a preven\u00e7\u00e3o \u00e9 fundamental\u201d, disse.<\/p>\n<p>&nbsp;<\/p>\n<p>Fonte: CMJF<\/p>\n","protected":false},"excerpt":{"rendered":"<p>Em comemora\u00e7\u00e3o ao Dia Municipal de Conscientiza\u00e7\u00e3o de Acidentes com Queimaduras com Crian\u00e7as e Adolescentes, o sagu\u00e3o da C\u00e2mara Municipal recebeu nesta quinta-feira, 06, o Corpo de Bombeiros de Juiz de Fora, para dar esclarecimentos sobre as preven\u00e7\u00f5es a que precisam ser realizadas nas resid\u00eancias. O sargento Diogo Henrique Fernandes Coelho, utilizou um botij\u00e3o de [&hellip;]<\/p>\n","protected":false},"author":96,"featured_media":141519,"comment_status":"closed","ping_status":"closed","sticky":false,"template":"","format":"standard","meta":{"footnotes":""},"categories":[253,436,440,439],"tags":[],"class_list":["post-141518","post","type-post","status-publish","format-standard","has-post-thumbnail","hentry","category-cidade","category-destaque-da-semana","category-destaques-do-dia","category-ultima-hora"],"_links":{"self":[{"href":"https:\/\/diarioregionaldigital.com.br\/index.php?rest_route=\/wp\/v2\/posts\/141518","targetHints":{"allow":["GET"]}}],"collection":[{"href":"https:\/\/diarioregionaldigital.com.br\/index.php?rest_route=\/wp\/v2\/posts"}],"about":[{"href":"https:\/\/diarioregionaldigital.com.br\/index.php?rest_route=\/wp\/v2\/types\/post"}],"author":[{"embeddable":true,"href":"https:\/\/diarioregionaldigital.com.br\/index.php?rest_route=\/wp\/v2\/users\/96"}],"replies":[{"embeddable":true,"href":"https:\/\/diarioregionaldigital.com.br\/index.php?rest_route=%2Fwp%2Fv2%2Fcomments&post=141518"}],"version-history":[{"count":0,"href":"https:\/\/diarioregionaldigital.com.br\/index.php?rest_route=\/wp\/v2\/posts\/141518\/revisions"}],"wp:featuredmedia":[{"embeddable":true,"href":"https:\/\/diarioregionaldigital.com.br\/index.php?rest_route=\/wp\/v2\/media\/141519"}],"wp:attachment":[{"href":"https:\/\/diarioregionaldigital.com.br\/index.php?rest_route=%2Fwp%2Fv2%2Fmedia&parent=141518"}],"wp:term":[{"taxonomy":"category","embeddable":true,"href":"https:\/\/diarioregionaldigital.com.br\/index.php?rest_route=%2Fwp%2Fv2%2Fcategories&post=141518"},{"taxonomy":"post_tag","embeddable":true,"href":"https:\/\/diarioregionaldigital.com.br\/index.php?rest_route=%2Fwp%2Fv2%2Ftags&post=141518"}],"curies":[{"name":"wp","href":"https:\/\/api.w.org\/{rel}","templated":true}]}}