{"id":141512,"date":"2019-06-06T16:08:45","date_gmt":"2019-06-06T19:08:45","guid":{"rendered":"https:\/\/diarioregionaldigital.com.br\/?p=141512"},"modified":"2019-06-06T16:08:45","modified_gmt":"2019-06-06T19:08:45","slug":"nao-adianta-ter-relatorio-se-nao-tem-votos-diz-presidente-de-comissao","status":"publish","type":"post","link":"https:\/\/diarioregionaldigital.com.br\/?p=141512","title":{"rendered":"N\u00e3o adianta ter relat\u00f3rio se n\u00e3o tem votos, diz presidente de Comiss\u00e3o"},"content":{"rendered":"<p>Depois de reunir a imprensa para fazer uma balan\u00e7o da tramita\u00e7\u00e3o da Reforma da Previd\u00eancia na Comiss\u00e3o Especial da C\u00e2mara, o presidente do colegiado, deputado Marcelo Ramos (PL-AM), disse nesta quinta-feira (6) que a data de vota\u00e7\u00e3o da proposta depender\u00e1 do ambiente pol\u00edtico e do n\u00edvel de acordo que for obtido para o texto.<\/p>\n<p>\u201cN\u00e3o adianta ter o relat\u00f3rio pronto na comiss\u00e3o sem ter a perspectiva de alcan\u00e7ar os 308 votos no plen\u00e1rio. Ent\u00e3o o tempo de agora depende do tempo da pol\u00edtica. O nosso esfor\u00e7o \u00e9 permanente, mas ele tem suas limita\u00e7\u00f5es, que s\u00e3o inerentes \u00e0s fun\u00e7\u00f5es administrativas. Eu sempre disse que \u00e9 minha fun\u00e7\u00e3o preparar a mat\u00e9ria para votar. N\u00e3o \u00e9 minha fun\u00e7\u00e3o conseguir os votos necess\u00e1rios para aprova\u00e7\u00e3o da mat\u00e9ria. Essa fun\u00e7\u00e3o \u00e9 da lideran\u00e7a do governo, da articula\u00e7\u00e3o do governo e dos l\u00edderes partid\u00e1rios\u201d, disse.<\/p>\n<p>Sem a presen\u00e7a do relator da reforma, deputado Samuel Moreira (PSDB-SP), na entrevista, Ramos n\u00e3o quis confirmar a apresenta\u00e7\u00e3o do relat\u00f3rio para a pr\u00f3xima ter\u00e7a-feira (11), muito menos adiantar pontos do texto. O presidente da Comiss\u00e3o Especial, se limitou a informar prazos regimentais de tramita\u00e7\u00e3o do texto.<\/p>\n<p>Segundo ele, apresentado o relat\u00f3rio, h\u00e1 um prazo de 24 horas para ser lido na comiss\u00e3o. Feita a leitura do documento, \u00e9 concedido pedido de vistas de duas sess\u00f5es. O prazo \u00e9 para que os parlamentares tenham mais tempo para analisar o texto. A partir da\u00ed \u00e9 iniciado o processo de debate. Se houver um bom n\u00edvel de acordo, explicou, a vota\u00e7\u00e3o tende a ser mais r\u00e1pida porque \u00e9 poss\u00edvel diminuir o n\u00famero de deputados inscritos para discutir a mat\u00e9ria e tamb\u00e9m de destaques ao texto.<\/p>\n<p>&nbsp;<\/p>\n<p><strong>Segundo semestre<\/strong><\/p>\n<p>Sobre se a vota\u00e7\u00e3o no plen\u00e1rio da Casa deve ficar s\u00f3 para o segundo semestre, Ramos disse que tudo depender\u00e1 da articula\u00e7\u00e3o de quem quer adiar e de quem tem pressa na mat\u00e9ria. Apesar de ser de primeiro mandato, ele admitiu que a tradi\u00e7\u00e3o de qu\u00f3rum esvaziado na Casa por conta dos festejos juninos este m\u00eas, pode prejudicar o andamento da proposta.<\/p>\n<p>O deputado avaliou ainda que a proposta n\u00e3o tem os 308 votos necess\u00e1rios para ser aprovada no plen\u00e1rio da Casa, mas que o texto constru\u00eddo pelos deputados deve ter mais for\u00e7a. \u201cEu acho que ainda n\u00e3o chega [a 308 votos], mas n\u00e3o d\u00e1 para especular em cima da proposta do governo. Ouso dizer que a proposta do governo n\u00e3o tem 100 votos, agora tenho certeza que o relat\u00f3rio do deputado Samuel ampliar\u00e1 muito o apoiamento \u00e0 proposta de reforma da previd\u00eancia\u201d, disse.<\/p>\n<p>&nbsp;<\/p>\n<p><strong>Governadores<\/strong><\/p>\n<p>Marcelo Ramos n\u00e3o escondeu o clima tenso e o impasse em torno da inclus\u00e3o de estados e munic\u00edpios na reforma, ao declarar que os governadores podem ajudar bastante. \u201cSe eles cal\u00e7arem as sand\u00e1lias da humildade, vierem \u00e0 C\u00e2mara dos Deputados, reconhecerem que n\u00e3o tiveram coragem de fazer suas reformas e pedirem aos deputados que ajudem fazendo o trabalho que eles n\u00e3o tiveram coragem de fazer\u201d, afirmou.<\/p>\n<p>Pessoalmente contra a inclus\u00e3o que, segundo ele, \u00e9 o pensamento hoje dominante na Casa, o deputado acrescentou que a press\u00e3o feita pelos governadores s\u00f3 atrapalha e aumenta a resist\u00eancia de parlamentares a incluir estados e munic\u00edpios no texto. Apesar disso, em rela\u00e7\u00e3o ao argumento de pequenos munic\u00edpios que n\u00e3o tem recursos nem para contratar um estudo para analisar suas situa\u00e7\u00f5es, Marcelo Ramos reconheceu que, com esse argumento, os prefeitos tem mais chances de sensibilizar os deputados.<\/p>\n<p>&nbsp;<\/p>\n<p>Fonte: Ag\u00eancia Brasil<\/p>\n","protected":false},"excerpt":{"rendered":"<p>Depois de reunir a imprensa para fazer uma balan\u00e7o da tramita\u00e7\u00e3o da Reforma da Previd\u00eancia na Comiss\u00e3o Especial da C\u00e2mara, o presidente do colegiado, deputado Marcelo Ramos (PL-AM), disse nesta quinta-feira (6) que a data de vota\u00e7\u00e3o da proposta depender\u00e1 do ambiente pol\u00edtico e do n\u00edvel de acordo que for obtido para o texto. \u201cN\u00e3o [&hellip;]<\/p>\n","protected":false},"author":96,"featured_media":141516,"comment_status":"closed","ping_status":"closed","sticky":false,"template":"","format":"standard","meta":{"footnotes":""},"categories":[436,254,439],"tags":[],"class_list":["post-141512","post","type-post","status-publish","format-standard","has-post-thumbnail","hentry","category-destaque-da-semana","category-politica","category-ultima-hora"],"_links":{"self":[{"href":"https:\/\/diarioregionaldigital.com.br\/index.php?rest_route=\/wp\/v2\/posts\/141512","targetHints":{"allow":["GET"]}}],"collection":[{"href":"https:\/\/diarioregionaldigital.com.br\/index.php?rest_route=\/wp\/v2\/posts"}],"about":[{"href":"https:\/\/diarioregionaldigital.com.br\/index.php?rest_route=\/wp\/v2\/types\/post"}],"author":[{"embeddable":true,"href":"https:\/\/diarioregionaldigital.com.br\/index.php?rest_route=\/wp\/v2\/users\/96"}],"replies":[{"embeddable":true,"href":"https:\/\/diarioregionaldigital.com.br\/index.php?rest_route=%2Fwp%2Fv2%2Fcomments&post=141512"}],"version-history":[{"count":0,"href":"https:\/\/diarioregionaldigital.com.br\/index.php?rest_route=\/wp\/v2\/posts\/141512\/revisions"}],"wp:featuredmedia":[{"embeddable":true,"href":"https:\/\/diarioregionaldigital.com.br\/index.php?rest_route=\/wp\/v2\/media\/141516"}],"wp:attachment":[{"href":"https:\/\/diarioregionaldigital.com.br\/index.php?rest_route=%2Fwp%2Fv2%2Fmedia&parent=141512"}],"wp:term":[{"taxonomy":"category","embeddable":true,"href":"https:\/\/diarioregionaldigital.com.br\/index.php?rest_route=%2Fwp%2Fv2%2Fcategories&post=141512"},{"taxonomy":"post_tag","embeddable":true,"href":"https:\/\/diarioregionaldigital.com.br\/index.php?rest_route=%2Fwp%2Fv2%2Ftags&post=141512"}],"curies":[{"name":"wp","href":"https:\/\/api.w.org\/{rel}","templated":true}]}}