{"id":141509,"date":"2019-06-06T16:04:34","date_gmt":"2019-06-06T19:04:34","guid":{"rendered":"https:\/\/diarioregionaldigital.com.br\/?p=141509"},"modified":"2019-06-06T16:04:34","modified_gmt":"2019-06-06T19:04:34","slug":"ministerio-da-economia-nao-excluira-investimentos-de-teto-de-gastos","status":"publish","type":"post","link":"https:\/\/diarioregionaldigital.com.br\/?p=141509","title":{"rendered":"Minist\u00e9rio da Economia n\u00e3o excluir\u00e1 investimentos de teto de gastos"},"content":{"rendered":"<p>A exclus\u00e3o dos investimentos (obras p\u00fablicas e compra de equipamentos) do teto federal de gastos n\u00e3o est\u00e1 sendo cogitada, informou h\u00e1 pouco o Minist\u00e9rio da Economia. Em nota, a pasta disse que os investimentos p\u00fablico e privado s\u00f3 ser\u00e3o retomados por meio de reformas que reequilibrem as contas p\u00fablicas e melhorem a sa\u00fade financeira do governo.<\/p>\n<p>\u201cO Minist\u00e9rio da Economia afirma que n\u00e3o encaminhar\u00e1 qualquer mudan\u00e7a na Lei do Teto dos Gastos para excluir investimentos do limite de despesas. O Minist\u00e9rio reitera a import\u00e2ncia do controle dos gastos p\u00fablicos para que o pa\u00eds volte a\u00a0terequil\u00edbrio nas contas p\u00fablicas. Com sa\u00fade financeira, o Brasil poder\u00e1 aumentar o investimento p\u00fablico e privado e crescer de forma consistente por v\u00e1rios anos seguidos\u201d, informou a pasta.<\/p>\n<p>No fim\u00a0de maio, o secret\u00e1rio especial de Fazenda, Waldery Rodrigues, disse que o governo pretendia enviar uma proposta de emenda \u00e0 Constitui\u00e7\u00e3o para reformular o teto de gastos, que limita o crescimento das despesas federais \u00e0 infla\u00e7\u00e3o oficial pelo \u00cdndice Nacional de Pre\u00e7os ao Consumidor Amplo (IPCA) por 20 anos. Ele, no entanto, disse que as mudan\u00e7as abrangeriam apenas o processo de cess\u00e3o onerosa do petr\u00f3leo da camada pr\u00e9-sal, n\u00e3o os investimentos.<\/p>\n<p>Segundo Rodrigues, o teto de gastos precisaria ser reformulado para criar exce\u00e7\u00f5es para o Tesouro poder pagar cerca de R$ 33 bilh\u00f5es \u00e0 Petrobras no processo de cess\u00e3o onerosa. O teto tamb\u00e9m precisa ser mudado para que a Uni\u00e3o possa partilhar, com estados e munic\u00edpios, uma parcela dos R$ 74,8 bilh\u00f5es do b\u00f4nus de assinatura que sobrar\u00e3o para o Tesouro no fim do processo.<\/p>\n<p>Fonte: Ag\u00eancia Brasil<\/p>\n","protected":false},"excerpt":{"rendered":"<p>A exclus\u00e3o dos investimentos (obras p\u00fablicas e compra de equipamentos) do teto federal de gastos n\u00e3o est\u00e1 sendo cogitada, informou h\u00e1 pouco o Minist\u00e9rio da Economia. Em nota, a pasta disse que os investimentos p\u00fablico e privado s\u00f3 ser\u00e3o retomados por meio de reformas que reequilibrem as contas p\u00fablicas e melhorem a sa\u00fade financeira do [&hellip;]<\/p>\n","protected":false},"author":96,"featured_media":141510,"comment_status":"closed","ping_status":"closed","sticky":false,"template":"","format":"standard","meta":{"footnotes":""},"categories":[436,261,439],"tags":[],"class_list":["post-141509","post","type-post","status-publish","format-standard","has-post-thumbnail","hentry","category-destaque-da-semana","category-economia","category-ultima-hora"],"_links":{"self":[{"href":"https:\/\/diarioregionaldigital.com.br\/index.php?rest_route=\/wp\/v2\/posts\/141509","targetHints":{"allow":["GET"]}}],"collection":[{"href":"https:\/\/diarioregionaldigital.com.br\/index.php?rest_route=\/wp\/v2\/posts"}],"about":[{"href":"https:\/\/diarioregionaldigital.com.br\/index.php?rest_route=\/wp\/v2\/types\/post"}],"author":[{"embeddable":true,"href":"https:\/\/diarioregionaldigital.com.br\/index.php?rest_route=\/wp\/v2\/users\/96"}],"replies":[{"embeddable":true,"href":"https:\/\/diarioregionaldigital.com.br\/index.php?rest_route=%2Fwp%2Fv2%2Fcomments&post=141509"}],"version-history":[{"count":0,"href":"https:\/\/diarioregionaldigital.com.br\/index.php?rest_route=\/wp\/v2\/posts\/141509\/revisions"}],"wp:featuredmedia":[{"embeddable":true,"href":"https:\/\/diarioregionaldigital.com.br\/index.php?rest_route=\/wp\/v2\/media\/141510"}],"wp:attachment":[{"href":"https:\/\/diarioregionaldigital.com.br\/index.php?rest_route=%2Fwp%2Fv2%2Fmedia&parent=141509"}],"wp:term":[{"taxonomy":"category","embeddable":true,"href":"https:\/\/diarioregionaldigital.com.br\/index.php?rest_route=%2Fwp%2Fv2%2Fcategories&post=141509"},{"taxonomy":"post_tag","embeddable":true,"href":"https:\/\/diarioregionaldigital.com.br\/index.php?rest_route=%2Fwp%2Fv2%2Ftags&post=141509"}],"curies":[{"name":"wp","href":"https:\/\/api.w.org\/{rel}","templated":true}]}}