{"id":141505,"date":"2019-06-06T16:01:20","date_gmt":"2019-06-06T19:01:20","guid":{"rendered":"https:\/\/diarioregionaldigital.com.br\/?p=141505"},"modified":"2019-06-06T16:01:20","modified_gmt":"2019-06-06T19:01:20","slug":"caixa-reduz-juros-dos-financiamentos-imobiliarios","status":"publish","type":"post","link":"https:\/\/diarioregionaldigital.com.br\/?p=141505","title":{"rendered":"Caixa reduz juros dos financiamentos imobili\u00e1rios"},"content":{"rendered":"<p>Os mutu\u00e1rios da Caixa Econ\u00f4mica Federal v\u00e3o contrair financiamentos para a casa pr\u00f3pria com juros menores. O banco anunciou quarta-feira (5) a redu\u00e7\u00e3o dos juros do cr\u00e9dito imobili\u00e1rio e igualou as taxas do Sistema Financeiro da Habita\u00e7\u00e3o (SFH) e do Sistema Financeiro Imobili\u00e1rio (SFI) para as opera\u00e7\u00f5es contratadas a partir de segunda-feira (10).<\/p>\n<p>A taxa mais alta cobrada pelo banco caiu de 11% ao ano mais a Taxa Referencial (TR, atualmente em zero) para 9,75% ao ano mais a TR. A taxa mais baixa, paga pelos correntistas ou quem tem algum tipo de relacionamento com a Caixa, passou de 8,75% ao ano mais TR para 8,5% ao ano mais TR. A Caixa concentra cerca de 70% do cr\u00e9dito imobili\u00e1rio no pa\u00eds.<\/p>\n<p>O banco unificou as taxas do SFH e do SFI. O SFH \u00e9 voltado para os financiamentos de im\u00f3veis de menor valor e tem parte das unidades financiadas com recursos do Fundo de Garantia do Tempo de Servi\u00e7o (FGTS). O SFI \u00e9 destinado a im\u00f3veis com valor acima de R$ 1,5 milh\u00e3o sem cobertura do FGTS. Por abranger unidades mais caras, tradicionalmente o SFI cobrava juros mais altos que o SFH.<\/p>\n<p>As novas taxas valer\u00e3o n\u00e3o apenas para a aquisi\u00e7\u00e3o de im\u00f3veis novos, mas tamb\u00e9m para o financiamento de im\u00f3vel usado, a compra de terreno para constru\u00e7\u00e3o, a constru\u00e7\u00e3o em terreno pr\u00f3prio, al\u00e9m de amplia\u00e7\u00f5es e reformas.<\/p>\n<p>&nbsp;<\/p>\n<p><strong>Renegocia\u00e7\u00e3o<\/strong><\/p>\n<p>O banco tamb\u00e9m anunciou a renegocia\u00e7\u00e3o de d\u00edvidas imobili\u00e1rias de pessoas f\u00edsicas. O devedor poder\u00e1 pagar uma entrada \u00e0 vista e incorporar as parcelas atrasadas nas presta\u00e7\u00f5es seguintes. O mutu\u00e1rio tamb\u00e9m poder\u00e1 abater das presta\u00e7\u00f5es o saldo do FGTS ou mudar a data de vencimento das parcelas.<\/p>\n<p>Segundo a Caixa, o cliente tamb\u00e9m poder\u00e1 procurar uma ag\u00eancia para tentar um acordo personalizado. O banco est\u00e1 disposto a perdoar multas em alguns contratos.<\/p>\n<p>Conforme a Caixa, a renegocia\u00e7\u00e3o beneficiar\u00e1 600 mil fam\u00edlias devedoras, com potencial de alcance de 2,3 milh\u00f5es de pessoas.<\/p>\n<p>&nbsp;<\/p>\n<p>Fonte: Ag\u00eancia Brasil<\/p>\n","protected":false},"excerpt":{"rendered":"<p>Os mutu\u00e1rios da Caixa Econ\u00f4mica Federal v\u00e3o contrair financiamentos para a casa pr\u00f3pria com juros menores. O banco anunciou quarta-feira (5) a redu\u00e7\u00e3o dos juros do cr\u00e9dito imobili\u00e1rio e igualou as taxas do Sistema Financeiro da Habita\u00e7\u00e3o (SFH) e do Sistema Financeiro Imobili\u00e1rio (SFI) para as opera\u00e7\u00f5es contratadas a partir de segunda-feira (10). A taxa [&hellip;]<\/p>\n","protected":false},"author":96,"featured_media":141506,"comment_status":"closed","ping_status":"closed","sticky":false,"template":"","format":"standard","meta":{"footnotes":""},"categories":[436,261,439],"tags":[],"class_list":["post-141505","post","type-post","status-publish","format-standard","has-post-thumbnail","hentry","category-destaque-da-semana","category-economia","category-ultima-hora"],"_links":{"self":[{"href":"https:\/\/diarioregionaldigital.com.br\/index.php?rest_route=\/wp\/v2\/posts\/141505","targetHints":{"allow":["GET"]}}],"collection":[{"href":"https:\/\/diarioregionaldigital.com.br\/index.php?rest_route=\/wp\/v2\/posts"}],"about":[{"href":"https:\/\/diarioregionaldigital.com.br\/index.php?rest_route=\/wp\/v2\/types\/post"}],"author":[{"embeddable":true,"href":"https:\/\/diarioregionaldigital.com.br\/index.php?rest_route=\/wp\/v2\/users\/96"}],"replies":[{"embeddable":true,"href":"https:\/\/diarioregionaldigital.com.br\/index.php?rest_route=%2Fwp%2Fv2%2Fcomments&post=141505"}],"version-history":[{"count":0,"href":"https:\/\/diarioregionaldigital.com.br\/index.php?rest_route=\/wp\/v2\/posts\/141505\/revisions"}],"wp:featuredmedia":[{"embeddable":true,"href":"https:\/\/diarioregionaldigital.com.br\/index.php?rest_route=\/wp\/v2\/media\/141506"}],"wp:attachment":[{"href":"https:\/\/diarioregionaldigital.com.br\/index.php?rest_route=%2Fwp%2Fv2%2Fmedia&parent=141505"}],"wp:term":[{"taxonomy":"category","embeddable":true,"href":"https:\/\/diarioregionaldigital.com.br\/index.php?rest_route=%2Fwp%2Fv2%2Fcategories&post=141505"},{"taxonomy":"post_tag","embeddable":true,"href":"https:\/\/diarioregionaldigital.com.br\/index.php?rest_route=%2Fwp%2Fv2%2Ftags&post=141505"}],"curies":[{"name":"wp","href":"https:\/\/api.w.org\/{rel}","templated":true}]}}